{"id":22681,"date":"2022-11-25T09:26:07","date_gmt":"2022-11-25T12:26:07","guid":{"rendered":"https:\/\/corrientesdetarde.com\/?p=22681"},"modified":"2022-11-25T09:26:10","modified_gmt":"2022-11-25T12:26:10","slug":"financiamiento-para-proyectos-culturales-afro","status":"publish","type":"post","link":"https:\/\/corrientesdetarde.com\/index.php\/cultura\/financiamiento-para-proyectos-culturales-afro\/","title":{"rendered":"Financiamiento para proyectos culturales afro"},"content":{"rendered":"\n<p>Hasta el 9 de diciembre, est\u00e1 abierta la primera Convocatoria Nacional Argentina, Cultura y Ra\u00edces Afro que otorga apoyo econ\u00f3mico a proyectos que visibilicen y difundan la cultura afro en Argentina. Se otorgar\u00e1n hasta 300 mil pesos.&nbsp;<\/p>\n\n\n\n<p>En el marco de las acciones de conmemoraci\u00f3n del 8 de noviembre como \u201cD\u00eda nacional de los afroargentinos y de la cultura afro\u201d, declarado en 2013 por ley N\u00b0 26.852, el Ministerio de Cultura de la Naci\u00f3n abri\u00f3 la Convocatoria Nacional 2022 \u201cArgentina, Cultura y Ra\u00edces Afro\u201d. Se trata de una convocatoria para la presentaci\u00f3n de propuestas culturales de formaci\u00f3n con contenidos te\u00f3ricos y pr\u00e1cticos, cuya finalidad sea tender puentes de conocimiento y sensibilizar a la sociedad acerca de las expresiones art\u00edsticas, los oficios tradicionales y las memorias de la resistencia cultural que las comunidades de personas afroargentinas, afrodescendientes y africanas han construido durante generaciones como parte constitutiva de la identidad nacional. Esta iniciativa busca impulsar el desarrollo, la planificaci\u00f3n y el acompa\u00f1amiento a proyectos culturales que repercutan en mejores condiciones de vida para las comunidades en todo el territorio nacional y que contribuyan a la construcci\u00f3n de una nueva sociedad m\u00e1s justa e inclusiva.&nbsp;<\/p>\n\n\n\n<p>Las personas que deseen participar deber\u00e1n estar inscriptas previamente en el Registro Federal de Cultura para poder participar en la presente convocatoria. Luego podr\u00e1n postularse presentando un proyecto a la Convocatoria Nacional Argentina, Cultura y Ra\u00edces Afro, que permanecer\u00e1 abierta por un plazo de 30 d\u00edas corridos. &nbsp;La convocatoria est\u00e1 dirigida a personas (no organizaciones) trabajadoras de la cultura, gestoras, artistas, historiadoras, docentes de danzas, de m\u00fasica, de artes esc\u00e9nicas, literatura, cine, fotograf\u00eda, que se autoreconozcan afroargentinas, afrodescendientes o africanas, mayores de 18 a\u00f1os, de nacionalidad argentina, (nativa o por opci\u00f3n) o extranjera con residencia acreditada en el pa\u00eds. Se admitir\u00e1n solo presentaciones individuales.&nbsp;<\/p>\n\n\n\n<p>Para la implementaci\u00f3n del proyecto de formaci\u00f3n, se abonar\u00e1n honorarios por la suma total de hasta 300 mil pesos.&nbsp;<\/p>\n\n\n\n<p>Cada participante podr\u00e1 presentar un s\u00f3lo proyecto.&nbsp;<\/p>\n\n\n\n<p>Los proyectos deber\u00e1n contener un m\u00ednimo de cuatro talleres, clases o seminarios con entrada gratuita y abiertos al p\u00fablico en general. Los ejes de trabajo que deber\u00e1 incluir el proyecto deber\u00e1n ser, (pueden ser 2 o m\u00e1s):&nbsp;<\/p>\n\n\n\n<p>Reconocimiento de la presencia hist\u00f3rica de las comunidades afroargentinas, afrodescendientes y africanas en nuestro pa\u00eds.&nbsp;<\/p>\n\n\n\n<p>Promoci\u00f3n de la herencia, los oficios tradicionales y las memorias ancestrales que las personas afro han construido durante generaciones como parte constitutiva de la matriz cultural identitaria argentina.&nbsp;<\/p>\n\n\n\n<p>Visibilizaci\u00f3n y difusi\u00f3n del componente sincr\u00e9tico africano y afrodescendiente de las expresiones culturales, m\u00fasica, danza, literatura, etc. concebidas como parte de la identidad Argentina. Por ejemplo, tango, milonga, folclore. Articulaci\u00f3n con instituciones (escuelas, puntos de cultura, municipio)&nbsp;<\/p>\n\n\n\n<p>Sin perjuicio de los factores t\u00e9cnicos y conceptuales enunciados precedentemente, el jurado tendr\u00e1 en cuenta criterios de distribuci\u00f3n federal y perspectiva de g\u00e9nero. Es requisito para aplicar a la presente convocatoria que las personas postulantes sean avaladas por una organizaci\u00f3n social local que acredite su trayectoria, pudiendo ser perteneciente a la comunidad afroargentina, afrodescendiente o africana o un Punto de Cultura, club de barrio o espacio cultural\/comunitario y por un ente o \u00e1rea de gobierno provincial, o municipal de su jurisdicci\u00f3n, con competencias u objetivos relacionados con la tarea de las personas postulantes.&nbsp;<\/p>\n","protected":false},"excerpt":{"rendered":"<p>Hasta el 9 de diciembre, est\u00e1 abierta la primera Convocatoria Nacional Argentina, Cultura y Ra\u00edces Afro que otorga apoyo econ\u00f3mico a proyectos que visibilicen y difundan la cultura afro en&hellip; <\/p>\n","protected":false},"author":4,"featured_media":22682,"comment_status":"closed","ping_status":"open","sticky":false,"template":"","format":"standard","meta":{"footnotes":""},"categories":[15],"tags":[],"class_list":["post-22681","post","type-post","status-publish","format-standard","has-post-thumbnail","hentry","category-cultura"],"_links":{"self":[{"href":"https:\/\/corrientesdetarde.com\/index.php\/wp-json\/wp\/v2\/posts\/22681","targetHints":{"allow":["GET"]}}],"collection":[{"href":"https:\/\/corrientesdetarde.com\/index.php\/wp-json\/wp\/v2\/posts"}],"about":[{"href":"https:\/\/corrientesdetarde.com\/index.php\/wp-json\/wp\/v2\/types\/post"}],"author":[{"embeddable":true,"href":"https:\/\/corrientesdetarde.com\/index.php\/wp-json\/wp\/v2\/users\/4"}],"replies":[{"embeddable":true,"href":"https:\/\/corrientesdetarde.com\/index.php\/wp-json\/wp\/v2\/comments?post=22681"}],"version-history":[{"count":1,"href":"https:\/\/corrientesdetarde.com\/index.php\/wp-json\/wp\/v2\/posts\/22681\/revisions"}],"predecessor-version":[{"id":22683,"href":"https:\/\/corrientesdetarde.com\/index.php\/wp-json\/wp\/v2\/posts\/22681\/revisions\/22683"}],"wp:featuredmedia":[{"embeddable":true,"href":"https:\/\/corrientesdetarde.com\/index.php\/wp-json\/wp\/v2\/media\/22682"}],"wp:attachment":[{"href":"https:\/\/corrientesdetarde.com\/index.php\/wp-json\/wp\/v2\/media?parent=22681"}],"wp:term":[{"taxonomy":"category","embeddable":true,"href":"https:\/\/corrientesdetarde.com\/index.php\/wp-json\/wp\/v2\/categories?post=22681"},{"taxonomy":"post_tag","embeddable":true,"href":"https:\/\/corrientesdetarde.com\/index.php\/wp-json\/wp\/v2\/tags?post=22681"}],"curies":[{"name":"wp","href":"https:\/\/api.w.org\/{rel}","templated":true}]}}