{"id":226871,"date":"2025-09-15T06:43:34","date_gmt":"2025-09-15T09:43:34","guid":{"rendered":"https:\/\/corrientesdetarde.com\/?p=226871"},"modified":"2025-09-15T06:43:46","modified_gmt":"2025-09-15T09:43:46","slug":"milei-presenta-el-presupuesto-en-plena-tirantez-con-gobernadores","status":"publish","type":"post","link":"https:\/\/corrientesdetarde.com\/index.php\/politica\/milei-presenta-el-presupuesto-en-plena-tirantez-con-gobernadores\/","title":{"rendered":"Milei presenta el Presupuesto en plena tirantez con gobernadores"},"content":{"rendered":"\n<p>El Presidente de la Naci\u00f3n emitir\u00e1 su discurso esta noche por cadena nacional. Los mandatarios esperan una distribuci\u00f3n equitativa y se\u00f1alan que es momento de gestionar. Para Catal\u00e1n, los ATN son para emergencia. Se abre la discusi\u00f3n por las asignaciones de partidas.<\/p>\n\n\n\n<p>Esta noche y por cadena nacional, el presidente Javier Milei presentar\u00e1 el Presupuesto 2026. No asistir\u00e1 al Congreso, sino ser\u00e1 a trav\u00e9s de un mensaje grabado en el Sal\u00f3n Blanco de Casa Rosada.<\/p>\n\n\n\n<p>El discurso se emitir\u00e1 en medio del conflicto con un gran n\u00famero de gobernadores, quienes reclaman la distribuci\u00f3n de recursos que pertenecen a las provincias y tras la firma del veto al reparto de los ATN seg\u00fan criterio de Coparticipaci\u00f3n Federal.<\/p>\n\n\n\n<figure class=\"wp-block-image\"><img decoding=\"async\" src=\"https:\/\/www.diarioepoca.com\/content\/bucket\/4\/1448614w380h358c.jpg.webp\" alt=\"\"\/><\/figure>\n\n\n\n<p>El titular del Ejecutivo nacional retomar\u00e1 la cadena nacional para emitir el mensaje de presentaci\u00f3n del Presupuesto 2026. Se da por descontado que el proyecto, que debe girarse hoy al Congreso de la Naci\u00f3n, har\u00e1 foco en el d\u00e9ficit cero. Ser\u00e1 el primer discurso de m\u00e1xima exposici\u00f3n luego de la derrota por m\u00e1s de 13 puntos en la provincia de Buenos Aires que caus\u00f3 movimientos en la Casa Rosada y pol\u00e9mica por la continuidad de funcionarios que se vieron envueltos en la pol\u00e9mica por presuntas coimas que investiga la Justicia federal.<\/p>\n\n\n\n<p>El discurso se televisar\u00e1 cerca de las 21 de hoy y ser\u00e1 luego de los vetos a leyes sensibles para la sociedad como la Emergencia en Pediatr\u00eda destinado al Hospital Garrahan y la Ley de Financiamiento Universitario. Desde ambos sectores ya salieron a reclamar y anticipan que profundizar\u00e1n el plan de lucha durante el tratamiento de los expedientes, previstos para este 17 de septiembre en el Congreso de la Naci\u00f3n.<\/p>\n\n\n\n<p>Milei tambi\u00e9n emitir\u00e1 su discurso en medio de un conflicto pol\u00edtico con un gran n\u00famero de gobernadores, a excepci\u00f3n de tres con los cuales tiene acuerdos electorales. El Mandatario nacional les hab\u00eda vetado la Ley de Redistribuci\u00f3n de Aportes del Tesoro Nacional (ATN), un pedido que form\u00f3 parte de todos los titulares de los Ejecutivos provinciales. Esto despert\u00f3 el enojo de los jefes provinciales, quienes sostienen se trata de fondos de las jurisdicciones que Naci\u00f3n no deber\u00eda arrogarse.<\/p>\n\n\n\n<p>Los recursos &#8220;no son propiedad del Presidente ni del Ministerio de Econom\u00eda&#8221;, sino que &#8220;nacen en las provincias y deben volver a ellas de manera autom\u00e1tica, transparente y justa&#8221;, expres\u00f3 el exgobernador de C\u00f3rdoba y dirigente de Provincias Unidas, Juan Schiaretti.<\/p>\n\n\n\n<figure class=\"wp-block-image\"><img decoding=\"async\" src=\"https:\/\/www.diarioepoca.com\/content\/bucket\/5\/1448615w380h358c.jpg.webp\" alt=\"\"\/><\/figure>\n\n\n\n<p>El espacio lo integra Gustavo Vald\u00e9s, quien la semana pasada estuvo en R\u00edo Cuarto junto a sus pares de otras provincias como el mandatario de Santa Fe, Maximiliano Pullaro. El conjunto mantiene una posici\u00f3n cr\u00edtica al Gobierno nacional, especialmente, en lo que respecta al rumbo de la gesti\u00f3n.<\/p>\n\n\n\n<p>&#8220;Necesitamos respuestas y que (el Gobierno nacional) comience no solamente a mirar la macro, sino que se comience a gobernar porque de lo contrario Argentina va en un rumbo incierto y la verdad que esto no est\u00e1 bueno&#8221;, expres\u00f3 al respecto a una radio nacional el Gobernador de Corrientes tras el encuentro con sus pares en la ciudad cordobesa. Esto implica, por ejemplo, que las provincias debieron atender la obra p\u00fablica que antes era potestad de Naci\u00f3n.<\/p>\n\n\n\n<p>Para el flamante ministro del Interior, Lisandro Catal\u00e1n, los ATN son para atender emergencias y son de naturaleza discrecional. No obstante, destac\u00f3 la b\u00fasqueda de un espacio de di\u00e1logo entre el Gobierno nacional y los gobernadores a trav\u00e9s de la mesa federal. A un primer encuentro solo asistieron quienes tienen acuerdos electorales con La Libertad Avanza. Se trata del mandatario de Chaco, Leandro Zdero; de Entre R\u00edos, Rogelio Frigerio, y de Mendoza, Alfredo Cornejo. Aunque en el caso de los radicales, estos acompa\u00f1aron a Vald\u00e9s en los festejos del triunfo de Vamos Corrientes en los comicios por la Gobernaci\u00f3n pese a que en territorio local particip\u00f3 de la contienda la lista oficialista nacional.<\/p>\n\n\n\n<p>&#8220;Ser\u00e1 cuesti\u00f3n de seguir conversando con los gobernadores, creo que ellos lo tienen que entender. Me parece bien la decisi\u00f3n del Presidente de estrechar el di\u00e1logo con los mandatarios, pero tampoco corrernos del objetivo del ordenamiento de las cuentas fiscales&#8221;, sostuvo Catal\u00e1n en declaraciones a radio Mitre.<\/p>\n\n\n\n<p>El equilibrio fiscal ser\u00e1 un nuevo round de discusi\u00f3n con las provincias en el marco del debate del Presupuesto 2026 que esta semana tomar\u00e1 estado parlamentario en el Congreso de la Naci\u00f3n. Argentina hace dos a\u00f1os que no sanciona la llamada popularmente como ley de leyes. Algunos ya no ven con buenos ojos la posibilidad de una tercera pr\u00f3rroga.<\/p>\n\n\n\n<p>&#8220;De todas las actitudes dialoguistas que se pueden tener, la primera es sobre el Presupuesto. No es muy conveniente que un Ejecutivo act\u00fae con discrecionalidad&#8221;, se\u00f1al\u00f3 a La Naci\u00f3n el senador de Catamarca, Guillermo Andrada, quien responde al gobernador peronista Ra\u00fal Jalil.<\/p>\n\n\n\n<p>Su par de Jujuy, por su parte, el radical Carlos Sadir, propuso cambiar &#8220;la motosierra por el bistur\u00ed&#8221;.<\/p>\n","protected":false},"excerpt":{"rendered":"<p>El Presidente de la Naci\u00f3n emitir\u00e1 su discurso esta noche por cadena nacional. Los mandatarios esperan una distribuci\u00f3n equitativa y se\u00f1alan que es momento de gestionar. Para Catal\u00e1n, los ATN&hellip; <\/p>\n","protected":false},"author":4,"featured_media":226895,"comment_status":"closed","ping_status":"open","sticky":false,"template":"","format":"standard","meta":{"footnotes":""},"categories":[3],"tags":[],"class_list":["post-226871","post","type-post","status-publish","format-standard","has-post-thumbnail","hentry","category-politica"],"_links":{"self":[{"href":"https:\/\/corrientesdetarde.com\/index.php\/wp-json\/wp\/v2\/posts\/226871","targetHints":{"allow":["GET"]}}],"collection":[{"href":"https:\/\/corrientesdetarde.com\/index.php\/wp-json\/wp\/v2\/posts"}],"about":[{"href":"https:\/\/corrientesdetarde.com\/index.php\/wp-json\/wp\/v2\/types\/post"}],"author":[{"embeddable":true,"href":"https:\/\/corrientesdetarde.com\/index.php\/wp-json\/wp\/v2\/users\/4"}],"replies":[{"embeddable":true,"href":"https:\/\/corrientesdetarde.com\/index.php\/wp-json\/wp\/v2\/comments?post=226871"}],"version-history":[{"count":1,"href":"https:\/\/corrientesdetarde.com\/index.php\/wp-json\/wp\/v2\/posts\/226871\/revisions"}],"predecessor-version":[{"id":226896,"href":"https:\/\/corrientesdetarde.com\/index.php\/wp-json\/wp\/v2\/posts\/226871\/revisions\/226896"}],"wp:featuredmedia":[{"embeddable":true,"href":"https:\/\/corrientesdetarde.com\/index.php\/wp-json\/wp\/v2\/media\/226895"}],"wp:attachment":[{"href":"https:\/\/corrientesdetarde.com\/index.php\/wp-json\/wp\/v2\/media?parent=226871"}],"wp:term":[{"taxonomy":"category","embeddable":true,"href":"https:\/\/corrientesdetarde.com\/index.php\/wp-json\/wp\/v2\/categories?post=226871"},{"taxonomy":"post_tag","embeddable":true,"href":"https:\/\/corrientesdetarde.com\/index.php\/wp-json\/wp\/v2\/tags?post=226871"}],"curies":[{"name":"wp","href":"https:\/\/api.w.org\/{rel}","templated":true}]}}