{"id":226872,"date":"2025-09-14T22:07:52","date_gmt":"2025-09-15T01:07:52","guid":{"rendered":"https:\/\/corrientesdetarde.com\/?p=226872"},"modified":"2025-09-14T22:07:58","modified_gmt":"2025-09-15T01:07:58","slug":"el-emotivo-abrazo-de-angel-di-maria-y-leandro-paredes-la-reaccion-de-las-hijas-de-fideo","status":"publish","type":"post","link":"https:\/\/corrientesdetarde.com\/index.php\/deportes\/el-emotivo-abrazo-de-angel-di-maria-y-leandro-paredes-la-reaccion-de-las-hijas-de-fideo\/","title":{"rendered":"El emotivo abrazo de \u00c1ngel Di Mar\u00eda y Leandro Paredes: la reacci\u00f3n de las hijas de \u201cFideo&#8221;"},"content":{"rendered":"\n<h2 class=\"wp-block-heading\">Los campeones del mundo se reencontraron en el marco del partido clave entre Rosario Central y Boca en el Gigante.<\/h2>\n\n\n\n<p><strong>Rosario Central<\/strong>&nbsp;recibe este domingo a&nbsp;<strong>Boca<\/strong>&nbsp;en el marco de la fecha 8 del&nbsp;<strong>Torneo Clausura 2025<\/strong>&nbsp;de la&nbsp;<strong>Liga Profesional de F\u00fatbol<\/strong>&nbsp;en un partido especial por el encuentro de los campeones del mundo&nbsp;<strong>\u00c1ngel Di Mar\u00eda y Leandro Paredes<\/strong>.<\/p>\n\n\n\n<p>Los campeones del mundo con la Selecci\u00f3n Argentina, y que coincidieron algunos a\u00f1os en el PSG franc\u00e9s, vivieron un sentido reencuentro en el t\u00fanel, donde se los pudo ver a los abrazos.<\/p>\n\n\n\n<p>La parte llamativa fue que, a juzgar por la reacci\u00f3n de \u201cFideo\u201d, al parecer las hijas P\u00eda y M\u00eda no parec\u00edan querer saludar al referente del \u201cXeneize\u201d.&nbsp;<\/p>\n\n\n\n<blockquote class=\"twitter-tweet\" data-media-max-width=\"560\"><p lang=\"es\" dir=\"ltr\">\ud83e\udec2 Campeones del mundo<br><br>El abrazo de Leandro Paredes y \u00c1ngel Di Mar\u00eda antes de Rosario Centra vs. Boca.<br><br>\ud83d\ude02 \u00bfY las hijas de &quot;Fideo&quot;?<a href=\"https:\/\/t.co\/eKqg4kBdAv\">pic.twitter.com\/eKqg4kBdAv<\/a><\/p>&mdash; minutouno (@minutounocom) <a href=\"https:\/\/twitter.com\/minutounocom\/status\/1967325370967052721?ref_src=twsrc%5Etfw\">September 14, 2025<\/a><\/blockquote> <script async src=\"https:\/\/platform.twitter.com\/widgets.js\" charset=\"utf-8\"><\/script>\n","protected":false},"excerpt":{"rendered":"<p>Los campeones del mundo se reencontraron en el marco del partido clave entre Rosario Central y Boca en el Gigante. Rosario Central&nbsp;recibe este domingo a&nbsp;Boca&nbsp;en el marco de la fecha&hellip; <\/p>\n","protected":false},"author":4,"featured_media":226881,"comment_status":"closed","ping_status":"open","sticky":false,"template":"","format":"standard","meta":{"footnotes":""},"categories":[4],"tags":[],"class_list":["post-226872","post","type-post","status-publish","format-standard","has-post-thumbnail","hentry","category-deportes"],"_links":{"self":[{"href":"https:\/\/corrientesdetarde.com\/index.php\/wp-json\/wp\/v2\/posts\/226872","targetHints":{"allow":["GET"]}}],"collection":[{"href":"https:\/\/corrientesdetarde.com\/index.php\/wp-json\/wp\/v2\/posts"}],"about":[{"href":"https:\/\/corrientesdetarde.com\/index.php\/wp-json\/wp\/v2\/types\/post"}],"author":[{"embeddable":true,"href":"https:\/\/corrientesdetarde.com\/index.php\/wp-json\/wp\/v2\/users\/4"}],"replies":[{"embeddable":true,"href":"https:\/\/corrientesdetarde.com\/index.php\/wp-json\/wp\/v2\/comments?post=226872"}],"version-history":[{"count":1,"href":"https:\/\/corrientesdetarde.com\/index.php\/wp-json\/wp\/v2\/posts\/226872\/revisions"}],"predecessor-version":[{"id":226882,"href":"https:\/\/corrientesdetarde.com\/index.php\/wp-json\/wp\/v2\/posts\/226872\/revisions\/226882"}],"wp:featuredmedia":[{"embeddable":true,"href":"https:\/\/corrientesdetarde.com\/index.php\/wp-json\/wp\/v2\/media\/226881"}],"wp:attachment":[{"href":"https:\/\/corrientesdetarde.com\/index.php\/wp-json\/wp\/v2\/media?parent=226872"}],"wp:term":[{"taxonomy":"category","embeddable":true,"href":"https:\/\/corrientesdetarde.com\/index.php\/wp-json\/wp\/v2\/categories?post=226872"},{"taxonomy":"post_tag","embeddable":true,"href":"https:\/\/corrientesdetarde.com\/index.php\/wp-json\/wp\/v2\/tags?post=226872"}],"curies":[{"name":"wp","href":"https:\/\/api.w.org\/{rel}","templated":true}]}}