{"id":226873,"date":"2025-09-14T21:00:16","date_gmt":"2025-09-15T00:00:16","guid":{"rendered":"https:\/\/corrientesdetarde.com\/?p=226873"},"modified":"2025-09-14T21:00:28","modified_gmt":"2025-09-15T00:00:28","slug":"javier-milei-decreto-una-acendrada-norma-para-feriados-puente-de-2026-y-definio-los-fines-de-semana-largos","status":"publish","type":"post","link":"https:\/\/corrientesdetarde.com\/index.php\/actualidad\/javier-milei-decreto-una-acendrada-norma-para-feriados-puente-de-2026-y-definio-los-fines-de-semana-largos\/","title":{"rendered":"Javier Milei decret\u00f3 una acendrada norma para feriados puente de 2026 y defini\u00f3 los fines de semana largos"},"content":{"rendered":"\n<h2 class=\"wp-block-heading\">El Gobierno, a trav\u00e9s del Decreto 614\/2025, estableci\u00f3 nuevas reglas para feriados trasladables facultando a Jefatura de Gabinete a definir traslados.<\/h2>\n\n\n\n<p>El Gobierno de\u00a0<strong>Javier Milei<\/strong>\u00a0firm\u00f3 el Decreto 614\/2025, que establece nuevas reglas para los\u00a0<strong>feriados trasladables en Argentina<\/strong>, generando un impacto directo en el calendario de 2026 y abriendo la puerta a m\u00e1s fines de semana largos. La medida, publicada en el Bolet\u00edn Oficial con las firmas del presidente y el jefe de Gabinete,\u00a0<strong>Guillermo Francos<\/strong>, busca &#8220;honrar la condici\u00f3n de feriados trasladables&#8221; y ya est\u00e1 en vigencia.<\/p>\n\n\n\n<p>La principal modificaci\u00f3n es que los feriados que caigan en s\u00e1bado o domingo ahora podr\u00e1n correrse al&nbsp;<strong>viernes anterior o al lunes posterior<\/strong>, algo que la Ley 27.399 no contemplaba expl\u00edcitamente.&nbsp;<strong>Seg\u00fan supo Noticias Argentinas<\/strong>, la Jefatura de Gabinete de Ministros fue designada como autoridad de aplicaci\u00f3n, con la facultad de decidir el traslado de cada feriado alcanzado por la medida.<\/p>\n\n\n\n<h3 class=\"wp-block-heading\">Feriados inamovibles y trasladables de 2026:<\/h3>\n\n\n\n<p>El calendario de 2026 ya empieza a tomar forma con estas nuevas disposiciones, que buscan fomentar el turismo y ofrecer m\u00e1s d\u00edas de descanso.<\/p>\n\n\n\n<p><strong>Feriados Inamovibles 2026:<\/strong><\/p>\n\n\n\n<ul class=\"wp-block-list\">\n<li>Jueves 1 de enero: A\u00f1o Nuevo<\/li>\n\n\n\n<li>Lunes 16 de febrero: Carnaval<\/li>\n\n\n\n<li>Martes 17 de febrero: Carnaval<\/li>\n\n\n\n<li>Martes 24 de marzo: D\u00eda Nacional de la Memoria por la Verdad y la Justicia<\/li>\n\n\n\n<li>Jueves 2 de abril: D\u00eda del Veterano y de los Ca\u00eddos en la Guerra de Malvinas<\/li>\n\n\n\n<li>Viernes 3 de abril: Viernes Santo<\/li>\n\n\n\n<li>Viernes 1 de mayo: D\u00eda del Trabajador<\/li>\n\n\n\n<li>Lunes 25 de mayo: D\u00eda de la Revoluci\u00f3n de Mayo<\/li>\n\n\n\n<li>S\u00e1bado 20 de junio: Paso a la Inmortalidad del General Manuel Belgrano<\/li>\n\n\n\n<li>Jueves 9 de julio: D\u00eda de la Independencia<\/li>\n\n\n\n<li>Martes 8 de diciembre: Inmaculada Concepci\u00f3n de Mar\u00eda<\/li>\n\n\n\n<li>Viernes 25 de diciembre: Navidad<\/li>\n<\/ul>\n\n\n\n<p><strong>Feriados Trasladables 2026 (con confirmaci\u00f3n de traslado o posibilidad seg\u00fan el decreto):<\/strong><\/p>\n\n\n\n<ul class=\"wp-block-list\">\n<li>Mi\u00e9rcoles 17 de junio: Paso a la Inmortalidad del General Mart\u00edn Miguel de G\u00fcemes (posible traslado)<\/li>\n\n\n\n<li>Lunes 17 de agosto: Paso a la Inmortalidad del General Jos\u00e9 de San Mart\u00edn (traslado confirmado)<\/li>\n\n\n\n<li>Lunes 12 de octubre: D\u00eda del Respeto a la Diversidad Cultural (traslado confirmado)<\/li>\n\n\n\n<li>Viernes 20 de noviembre: D\u00eda de la Soberan\u00eda Nacional (traslado para formar fin de semana largo)<\/li>\n<\/ul>\n\n\n\n<h3 class=\"wp-block-heading\">Fines de semana largos clave para 2026:<\/h3>\n\n\n\n<p>Gracias a los feriados trasladables, ya se perfilan varios fines de semana largos para agendar:<\/p>\n\n\n\n<ul class=\"wp-block-list\">\n<li>Del s\u00e1bado 14 al martes 17 de febrero: Carnaval<\/li>\n\n\n\n<li>Del jueves 2 al domingo 5 de abril: Semana Santa + D\u00eda de Malvinas<\/li>\n\n\n\n<li>Del viernes 20 al domingo 22 de noviembre: Por el traslado del D\u00eda de la Soberan\u00eda Nacional.<\/li>\n<\/ul>\n\n\n\n<p>A\u00fan queda por definir si se establecer\u00e1n&nbsp;<strong>feriados &#8220;puente&#8221;<\/strong>&nbsp;adicionales, que se suelen fijar por decreto presidencial para fomentar el turismo. Se esperan novedades al respecto en los pr\u00f3ximos meses.<\/p>\n","protected":false},"excerpt":{"rendered":"<p>El Gobierno, a trav\u00e9s del Decreto 614\/2025, estableci\u00f3 nuevas reglas para feriados trasladables facultando a Jefatura de Gabinete a definir traslados. El Gobierno de\u00a0Javier Milei\u00a0firm\u00f3 el Decreto 614\/2025, que establece&hellip; <\/p>\n","protected":false},"author":4,"featured_media":226876,"comment_status":"closed","ping_status":"open","sticky":false,"template":"","format":"standard","meta":{"footnotes":""},"categories":[23],"tags":[],"class_list":["post-226873","post","type-post","status-publish","format-standard","has-post-thumbnail","hentry","category-actualidad"],"_links":{"self":[{"href":"https:\/\/corrientesdetarde.com\/index.php\/wp-json\/wp\/v2\/posts\/226873","targetHints":{"allow":["GET"]}}],"collection":[{"href":"https:\/\/corrientesdetarde.com\/index.php\/wp-json\/wp\/v2\/posts"}],"about":[{"href":"https:\/\/corrientesdetarde.com\/index.php\/wp-json\/wp\/v2\/types\/post"}],"author":[{"embeddable":true,"href":"https:\/\/corrientesdetarde.com\/index.php\/wp-json\/wp\/v2\/users\/4"}],"replies":[{"embeddable":true,"href":"https:\/\/corrientesdetarde.com\/index.php\/wp-json\/wp\/v2\/comments?post=226873"}],"version-history":[{"count":1,"href":"https:\/\/corrientesdetarde.com\/index.php\/wp-json\/wp\/v2\/posts\/226873\/revisions"}],"predecessor-version":[{"id":226877,"href":"https:\/\/corrientesdetarde.com\/index.php\/wp-json\/wp\/v2\/posts\/226873\/revisions\/226877"}],"wp:featuredmedia":[{"embeddable":true,"href":"https:\/\/corrientesdetarde.com\/index.php\/wp-json\/wp\/v2\/media\/226876"}],"wp:attachment":[{"href":"https:\/\/corrientesdetarde.com\/index.php\/wp-json\/wp\/v2\/media?parent=226873"}],"wp:term":[{"taxonomy":"category","embeddable":true,"href":"https:\/\/corrientesdetarde.com\/index.php\/wp-json\/wp\/v2\/categories?post=226873"},{"taxonomy":"post_tag","embeddable":true,"href":"https:\/\/corrientesdetarde.com\/index.php\/wp-json\/wp\/v2\/tags?post=226873"}],"curies":[{"name":"wp","href":"https:\/\/api.w.org\/{rel}","templated":true}]}}