{"id":226878,"date":"2025-09-14T21:45:56","date_gmt":"2025-09-15T00:45:56","guid":{"rendered":"https:\/\/corrientesdetarde.com\/?p=226878"},"modified":"2025-09-14T21:46:03","modified_gmt":"2025-09-15T00:46:03","slug":"los-entrenadores-que-suenan-en-independiente-tras-la-renuncia-de-vaccari","status":"publish","type":"post","link":"https:\/\/corrientesdetarde.com\/index.php\/deportes\/los-entrenadores-que-suenan-en-independiente-tras-la-renuncia-de-vaccari\/","title":{"rendered":"Los entrenadores que suenan en Independiente tras la renuncia de Vaccari"},"content":{"rendered":"\n<h2 class=\"wp-block-heading\">El \u201cRojo\u201d comenz\u00f3 la b\u00fasqueda del nuevo director t\u00e9cnico que se har\u00e1 cargo del primer equipo con el objetivo de revertir el duro presente que atraviesa el club.<\/h2>\n\n\n\n<p>Independiente comenz\u00f3 la b\u00fasqueda de un nuevo director t\u00e9cnico luego de la renuncia de Julio Vaccari tras la derrota del pasado s\u00e1bado ante Banfield por 1-0 en el Torneo Clausura y tanto la dupla&nbsp;<strong>Favio Orsi y Sergio G\u00f3mez<\/strong>&nbsp;como&nbsp;<strong>Gustavo Quinteros<\/strong>&nbsp;ser\u00edan los principales apuntados.<\/p>\n\n\n\n<p>El ciclo del ahora ex DT del Rojo tuvo un gran desempe\u00f1o a fines del 2024 y durante el primer semestre del 2025. Sin embargo, en la segunda mitad del a\u00f1o, el equipo qued\u00f3 afuera de la Copa Sudamericana, Copa Argentina y todav\u00eda no logr\u00f3 sumar de a tres en el campeonato local despu\u00e9s de ocho fechas.<\/p>\n\n\n\n<p>En principio, quien asumir\u00e1 el cargo como interino ser\u00e1&nbsp;<strong>Carlos Matheu<\/strong>, entrenador de la Reserva de la instituci\u00f3n, y dirigir\u00e1 la pr\u00e1ctica del lunes mientras la Comisi\u00f3n Directiva cierra al reemplazante del oriundo de M\u00e1ximo Paz con paso por el banco de Defensa y Justicia.<\/p>\n\n\n\n<p>Los primeros nombres que surgieron fueron la dupla&nbsp;<strong>Orsi \u2013 G\u00f3mez<\/strong>, campeones con Platense del Torneo Apertura 2024 tras vencer 1-0 a Hurac\u00e1n en la final. Actualmente, ambos se encuentran sin equipo y ser\u00edan del gusto de la dirigencia del conjunto de Avellaneda.<\/p>\n\n\n\n<p>Por otro lado, tambi\u00e9n apareci\u00f3&nbsp;<strong>Gustavo Quinteros<\/strong>&nbsp;como opci\u00f3n, quien se encuentra sin trabajo desde abril luego de su flojo paso por Gremio de Brasil, pero habiendo logrado formar un gran equipo en&nbsp;<strong>V\u00e9lez Sarsfield<\/strong>&nbsp;en 2024.<\/p>\n\n\n\n<p>No obstante, el sondeo de los \u201cDiablos Rojos\u201d no ser\u00eda el \u00fanico ya que recientemente rechaz\u00f3 a&nbsp;<strong>Colo-Colo<\/strong>&nbsp;de Chile y tanto la&nbsp;<strong>selecci\u00f3n de Per\u00fa<\/strong>&nbsp;como la de&nbsp;<strong>Chile<\/strong>, tras la finalizaci\u00f3n de las Eliminatorias Sudamericanas rumbo al Mundial 2026 -torneo al que ninguno de los dos combinados logr\u00f3 clasificar-, estar\u00edan interesadas en hacerse con los servicios del \u201cProfesor\u201d.<\/p>\n","protected":false},"excerpt":{"rendered":"<p>El \u201cRojo\u201d comenz\u00f3 la b\u00fasqueda del nuevo director t\u00e9cnico que se har\u00e1 cargo del primer equipo con el objetivo de revertir el duro presente que atraviesa el club. Independiente comenz\u00f3&hellip; <\/p>\n","protected":false},"author":4,"featured_media":226879,"comment_status":"closed","ping_status":"open","sticky":false,"template":"","format":"standard","meta":{"footnotes":""},"categories":[4],"tags":[],"class_list":["post-226878","post","type-post","status-publish","format-standard","has-post-thumbnail","hentry","category-deportes"],"_links":{"self":[{"href":"https:\/\/corrientesdetarde.com\/index.php\/wp-json\/wp\/v2\/posts\/226878","targetHints":{"allow":["GET"]}}],"collection":[{"href":"https:\/\/corrientesdetarde.com\/index.php\/wp-json\/wp\/v2\/posts"}],"about":[{"href":"https:\/\/corrientesdetarde.com\/index.php\/wp-json\/wp\/v2\/types\/post"}],"author":[{"embeddable":true,"href":"https:\/\/corrientesdetarde.com\/index.php\/wp-json\/wp\/v2\/users\/4"}],"replies":[{"embeddable":true,"href":"https:\/\/corrientesdetarde.com\/index.php\/wp-json\/wp\/v2\/comments?post=226878"}],"version-history":[{"count":1,"href":"https:\/\/corrientesdetarde.com\/index.php\/wp-json\/wp\/v2\/posts\/226878\/revisions"}],"predecessor-version":[{"id":226880,"href":"https:\/\/corrientesdetarde.com\/index.php\/wp-json\/wp\/v2\/posts\/226878\/revisions\/226880"}],"wp:featuredmedia":[{"embeddable":true,"href":"https:\/\/corrientesdetarde.com\/index.php\/wp-json\/wp\/v2\/media\/226879"}],"wp:attachment":[{"href":"https:\/\/corrientesdetarde.com\/index.php\/wp-json\/wp\/v2\/media?parent=226878"}],"wp:term":[{"taxonomy":"category","embeddable":true,"href":"https:\/\/corrientesdetarde.com\/index.php\/wp-json\/wp\/v2\/categories?post=226878"},{"taxonomy":"post_tag","embeddable":true,"href":"https:\/\/corrientesdetarde.com\/index.php\/wp-json\/wp\/v2\/tags?post=226878"}],"curies":[{"name":"wp","href":"https:\/\/api.w.org\/{rel}","templated":true}]}}