{"id":226883,"date":"2025-09-14T23:02:35","date_gmt":"2025-09-15T02:02:35","guid":{"rendered":"https:\/\/corrientesdetarde.com\/?p=226883"},"modified":"2025-09-14T23:02:41","modified_gmt":"2025-09-15T02:02:41","slug":"difunden-nuevo-parte-medico-de-thiago-medina-como-sigue-tras-el-terrible-accidente-en-moto","status":"publish","type":"post","link":"https:\/\/corrientesdetarde.com\/index.php\/espectaculos\/difunden-nuevo-parte-medico-de-thiago-medina-como-sigue-tras-el-terrible-accidente-en-moto\/","title":{"rendered":"Difunden nuevo parte m\u00e9dico de Thiago Medina: c\u00f3mo sigue tras el terrible accidente en moto"},"content":{"rendered":"\n<h2 class=\"wp-block-heading\">El ex Gran Hermano permanece internado tras accidentarse en Moreno. Este domingo dieron m\u00e1s informaci\u00f3n sobre su estado de salud.<\/h2>\n\n\n\n<p>El estado de salud de&nbsp;<strong>Thiago Medina<\/strong>, quien sufri\u00f3 un grave accidente en moto, sigue siendo &#8220;delicado&#8221;, seg\u00fan los \u00faltimos detalles revelados en el programa Infama de&nbsp;<em>Am\u00e9rica TV<\/em>.&nbsp;<\/p>\n\n\n\n<p><strong>La informaci\u00f3n m\u00e9dica m\u00e1s reciente indica que el joven contin\u00faa internado con pron\u00f3stico reservado, aunque se observan &#8220;leves mejor\u00edas&#8221;.<\/strong><\/p>\n\n\n\n<p>La periodista Pilar Smith fue la encargada de actualizar la informaci\u00f3n en el programa conducido por Marcela Tauro. &#8220;Aseguran que sigue en terapia intensiva, con pron\u00f3stico reservado. Con signos de leves mejor\u00edas con respecto al d\u00eda de ayer. Igualmente sigue en estado cr\u00edtico&#8221;, explic\u00f3.<\/p>\n\n\n\n<p>Por su parte, el periodista&nbsp;<strong>Oliver Quiroz<\/strong>, desde el entorno de Thiago, agreg\u00f3 que la familia del joven prefiere mantener un bajo perfil y no convertir la situaci\u00f3n en un &#8220;show medi\u00e1tico&#8221;. Los familiares est\u00e1n pidiendo cadenas de oraci\u00f3n por la pronta recuperaci\u00f3n de Thiago.<\/p>\n\n\n\n<p>En tanto, seg\u00fan informaron en TN, el exparticipante del reality&nbsp;<strong>present\u00f3 leves signos de mejor\u00eda con respecto al s\u00e1bado.<\/strong><\/p>\n","protected":false},"excerpt":{"rendered":"<p>El ex Gran Hermano permanece internado tras accidentarse en Moreno. Este domingo dieron m\u00e1s informaci\u00f3n sobre su estado de salud. El estado de salud de&nbsp;Thiago Medina, quien sufri\u00f3 un grave&hellip; <\/p>\n","protected":false},"author":4,"featured_media":226884,"comment_status":"closed","ping_status":"open","sticky":false,"template":"","format":"standard","meta":{"footnotes":""},"categories":[19],"tags":[],"class_list":["post-226883","post","type-post","status-publish","format-standard","has-post-thumbnail","hentry","category-espectaculos"],"_links":{"self":[{"href":"https:\/\/corrientesdetarde.com\/index.php\/wp-json\/wp\/v2\/posts\/226883","targetHints":{"allow":["GET"]}}],"collection":[{"href":"https:\/\/corrientesdetarde.com\/index.php\/wp-json\/wp\/v2\/posts"}],"about":[{"href":"https:\/\/corrientesdetarde.com\/index.php\/wp-json\/wp\/v2\/types\/post"}],"author":[{"embeddable":true,"href":"https:\/\/corrientesdetarde.com\/index.php\/wp-json\/wp\/v2\/users\/4"}],"replies":[{"embeddable":true,"href":"https:\/\/corrientesdetarde.com\/index.php\/wp-json\/wp\/v2\/comments?post=226883"}],"version-history":[{"count":1,"href":"https:\/\/corrientesdetarde.com\/index.php\/wp-json\/wp\/v2\/posts\/226883\/revisions"}],"predecessor-version":[{"id":226885,"href":"https:\/\/corrientesdetarde.com\/index.php\/wp-json\/wp\/v2\/posts\/226883\/revisions\/226885"}],"wp:featuredmedia":[{"embeddable":true,"href":"https:\/\/corrientesdetarde.com\/index.php\/wp-json\/wp\/v2\/media\/226884"}],"wp:attachment":[{"href":"https:\/\/corrientesdetarde.com\/index.php\/wp-json\/wp\/v2\/media?parent=226883"}],"wp:term":[{"taxonomy":"category","embeddable":true,"href":"https:\/\/corrientesdetarde.com\/index.php\/wp-json\/wp\/v2\/categories?post=226883"},{"taxonomy":"post_tag","embeddable":true,"href":"https:\/\/corrientesdetarde.com\/index.php\/wp-json\/wp\/v2\/tags?post=226883"}],"curies":[{"name":"wp","href":"https:\/\/api.w.org\/{rel}","templated":true}]}}