{"id":226889,"date":"2025-09-15T06:38:54","date_gmt":"2025-09-15T09:38:54","guid":{"rendered":"https:\/\/corrientesdetarde.com\/?p=226889"},"modified":"2025-09-15T06:39:05","modified_gmt":"2025-09-15T09:39:05","slug":"leve-mejoria-los-detalles-sobre-la-salud-de-thiago-medina-que-compartio-daniela-celis","status":"publish","type":"post","link":"https:\/\/corrientesdetarde.com\/index.php\/espectaculos\/leve-mejoria-los-detalles-sobre-la-salud-de-thiago-medina-que-compartio-daniela-celis\/","title":{"rendered":"\u201cLeve mejor\u00eda\u201d: los detalles sobre la salud de Thiago Medina que comparti\u00f3 Daniela Celis"},"content":{"rendered":"\n<h2 class=\"wp-block-heading\">La madre de las hijas del ex Gran Hermano public\u00f3 un mensaje alentador, mientras permanece internado.<\/h2>\n\n\n\n<p>El estado de salud de\u00a0<strong>Thiago Medina<\/strong>, quien sufri\u00f3 un grave accidente en moto, sigue siendo &#8220;delicado&#8221;, seg\u00fan los \u00faltimos detalles revelados en el programa Infama de\u00a0<em>Am\u00e9rica TV<\/em>, aunque su expareja,\u00a0<strong>Daniela Celis<\/strong>, difundi\u00f3 un esperanzador parte m\u00e9dico.<\/p>\n\n\n\n<p>La tambi\u00e9n exparticipante de&nbsp;<strong>Gran Hermano<\/strong>&nbsp;y madre de las hijas de Medina public\u00f3 una historia de Instagram en la que inform\u00f3 que&nbsp;<strong>\u201cThiago tiene una leve mejor\u00eda\u201d<\/strong>, que&nbsp;<strong>atribuy\u00f3 a \u201ctoda la fe, oraciones y reiki\u201d que le env\u00edan seguidores, fans, amigos y familiares<\/strong>.<\/p>\n\n\n\n<p>\u201cPermanece en el mismo estado, presenta un diagn\u00f3stico reservado, mantenemos el pedido de oraci\u00f3n\u201d, indic\u00f3 C\u00e9lis, que expres\u00f3: \u201cToda la luz que env\u00edan est\u00e1 llegando\u201d.&nbsp;<\/p>\n\n\n\n<p>Pesta\u00f1ela tambi\u00e9n indic\u00f3 que \u201clas beb\u00e9s est\u00e1n bien, estamos contenidas por toda la familia, padrinos, madrinas y amigos\u201d.<\/p>\n\n\n\n<p>Un rato antes, en el programa Infama tambi\u00e9n dieron datos alentadores.&nbsp;<strong>La informaci\u00f3n m\u00e9dica m\u00e1s reciente indica que el joven contin\u00faa internado con pron\u00f3stico reservado, aunque se observan &#8220;leves mejor\u00edas&#8221;.<\/strong><\/p>\n","protected":false},"excerpt":{"rendered":"<p>La madre de las hijas del ex Gran Hermano public\u00f3 un mensaje alentador, mientras permanece internado. El estado de salud de\u00a0Thiago Medina, quien sufri\u00f3 un grave accidente en moto, sigue&hellip; <\/p>\n","protected":false},"author":4,"featured_media":226890,"comment_status":"closed","ping_status":"open","sticky":false,"template":"","format":"standard","meta":{"footnotes":""},"categories":[19],"tags":[],"class_list":["post-226889","post","type-post","status-publish","format-standard","has-post-thumbnail","hentry","category-espectaculos"],"_links":{"self":[{"href":"https:\/\/corrientesdetarde.com\/index.php\/wp-json\/wp\/v2\/posts\/226889","targetHints":{"allow":["GET"]}}],"collection":[{"href":"https:\/\/corrientesdetarde.com\/index.php\/wp-json\/wp\/v2\/posts"}],"about":[{"href":"https:\/\/corrientesdetarde.com\/index.php\/wp-json\/wp\/v2\/types\/post"}],"author":[{"embeddable":true,"href":"https:\/\/corrientesdetarde.com\/index.php\/wp-json\/wp\/v2\/users\/4"}],"replies":[{"embeddable":true,"href":"https:\/\/corrientesdetarde.com\/index.php\/wp-json\/wp\/v2\/comments?post=226889"}],"version-history":[{"count":1,"href":"https:\/\/corrientesdetarde.com\/index.php\/wp-json\/wp\/v2\/posts\/226889\/revisions"}],"predecessor-version":[{"id":226891,"href":"https:\/\/corrientesdetarde.com\/index.php\/wp-json\/wp\/v2\/posts\/226889\/revisions\/226891"}],"wp:featuredmedia":[{"embeddable":true,"href":"https:\/\/corrientesdetarde.com\/index.php\/wp-json\/wp\/v2\/media\/226890"}],"wp:attachment":[{"href":"https:\/\/corrientesdetarde.com\/index.php\/wp-json\/wp\/v2\/media?parent=226889"}],"wp:term":[{"taxonomy":"category","embeddable":true,"href":"https:\/\/corrientesdetarde.com\/index.php\/wp-json\/wp\/v2\/categories?post=226889"},{"taxonomy":"post_tag","embeddable":true,"href":"https:\/\/corrientesdetarde.com\/index.php\/wp-json\/wp\/v2\/tags?post=226889"}],"curies":[{"name":"wp","href":"https:\/\/api.w.org\/{rel}","templated":true}]}}