{"id":226892,"date":"2025-09-15T06:42:18","date_gmt":"2025-09-15T09:42:18","guid":{"rendered":"https:\/\/corrientesdetarde.com\/?p=226892"},"modified":"2025-09-15T06:42:25","modified_gmt":"2025-09-15T09:42:25","slug":"cayo-cuatrero-brasileno-que-hirio-a-balazos-a-3-prefectos-en-caseros","status":"publish","type":"post","link":"https:\/\/corrientesdetarde.com\/index.php\/policiales\/cayo-cuatrero-brasileno-que-hirio-a-balazos-a-3-prefectos-en-caseros\/","title":{"rendered":"Cay\u00f3 cuatrero brasile\u00f1o que hiri\u00f3 a balazos a 3 prefectos en Caseros"},"content":{"rendered":"\n<p>Estaba pr\u00f3fugo desde el 2022 y lo atraparon deambulando por la ciudad ubicada en frente de la frontera con Argentina. Sospechan que con intensiones de volver a delinquir en nuestro territorio. Su hermano est\u00e1 preso en Brasil y el tercer c\u00f3mplice fue abatido en 2023.<\/p>\n\n\n\n<p>Uno de los tres cuatreros que la madrugada del 2 de abril del 2022, hirieron de gravedad a tres prefectos, tras una emboscada a balazos en la desembocadura del arroyo Miri\u00f1ay, sobre el r\u00edo Uruguay, fue capturado el viernes en la localidad uruguaya de Bella Uni\u00f3n. La Interpol notific\u00f3 a las autoridades argentinas y ahora comenzaron los tr\u00e1mites para su extradici\u00f3n. Su hermano, tambi\u00e9n involucrado en el ataque, est\u00e1 detenido en Brasil y un tercer integrante de la banda fue abatido en un enfrentamiento con la Polic\u00eda del pa\u00eds carioca.<\/p>\n\n\n\n<p>Se trata de Jos\u00e9 Anderson L\u00f3pez Vielmo, de 32 a\u00f1os, quien ten\u00eda pedido de captura internacional y por quien las autoridades argentinas hab\u00edan fijado una recompensa de tres millones de pesos a quienes aporten datos de su paradero.<\/p>\n\n\n\n<p>El mes pasado, la Canciller\u00eda argentina ratific\u00f3 el pedido de captura de Lopez Vielmo, no as\u00ed de su hermano Hilson, de 28 a\u00f1os, quien ya cay\u00f3 en manos de la Polic\u00eda brasile\u00f1a. En tanto que el tercer integrante de la violenta banda, Williams Dos Santos, fue abatido en enero de 2023, luego de un enfrentamiento a tiros en la zona de la triple frontera.<\/p>\n\n\n\n<figure class=\"wp-block-image\"><img decoding=\"async\" src=\"https:\/\/www.diarioepoca.com\/content\/bucket\/1\/1448631w380h362c.jpg.webp\" alt=\"\"\/><\/figure>\n\n\n\n<p>Seg\u00fan trascendi\u00f3 el fin de semana, Jos\u00e9 Anderson L\u00f3pez Vielmo fue atrapado mientras circulaba libremente por las calles de la ciudad de Bella Uni\u00f3n, ubicada geogr\u00e1ficamente justo en frente de la ciudad de Monte Caseros, donde hace tres a\u00f1os perge\u00f1aban el plan para robar ganado en territorio argentino para luego cruzarlo hacia Brasil.<\/p>\n\n\n\n<p>Tanto Williams Dos Santos como los hermanos L\u00f3pes Vielmo resid\u00edan en Barra do Quara\u00ed, una localidad brasile\u00f1a que se divide con Uruguay, a trav\u00e9s del r\u00edo Quareim, y desde all\u00ed sembraban el terror de los productores pecuarios de la frontera, robando permanentemente ganado, trasladando los restos en embarcaciones por el r\u00edo Uruguay y luego, varios kil\u00f3metros arriba hacia la desembocadura para llegar hasta el territorio brasile\u00f1o.<\/p>\n\n\n\n<figure class=\"wp-block-image\"><img decoding=\"async\" src=\"https:\/\/www.diarioepoca.com\/content\/bucket\/3\/1448633w380h359c.jpg.webp\" alt=\"\"\/><\/figure>\n\n\n\n<p>La madrugada del 2 de abril de 2022, el ayudante de primera Walter Ram\u00f3n G\u00f3mez, el ayudante de primera Daniel Eduardo Ojeda y el ayudante de tercera Facundo Dami\u00e1n Cabral, en una embarcaci\u00f3n oficial, detectaron los movimientos de la banda en la desembocadura del Miri\u00f1ay. El r\u00edo estaba muy crecido y los cuatreros debieron cargar los restos de los animales faenados a su lancha y cruzarlos r\u00e1pido, pero advirtieron la presencia de los prefectos y los esperaron para emboscarlos.<\/p>\n\n\n\n<p>Cuando la lancha de Prefectura lleg\u00f3 a la desembocadura, llovi\u00f3 sobre ellos una lluvia de balas por parte de los bandidos rurales, hiriendo a los tres uniformados, pese a que pudieron repeler el fuego y poner en fuga a los cuatreros.<\/p>\n\n\n\n<p>Tras el ataque, los prefectos fueron trasladados hacia el hospital local y luego dos de ellos derivados v\u00eda a\u00e9rea hasta Buenos Aires, por la complejidad de su cuadro.<\/p>\n\n\n\n<h2 class=\"wp-block-heading\">Banda desarticulada<\/h2>\n\n\n\n<p>Mientras tanto, las autoridades brasile\u00f1as, uruguayas y argentinas realizaron un trabajo mancomunado para tratar de identificar a los forajidos, lo que se logr\u00f3 a los pocos d\u00edas, pero la banda logr\u00f3 escabullirse en territorio carioca hasta que les perdieron el rastro. Meses m\u00e1s tarde se supo que uno de ellos, Williams Dos Santos fue abatido a balazos en la frontera, cuando se enfrent\u00f3 a la Polic\u00eda de Brasil.<\/p>\n\n\n\n<p>Posteriormente en 2024, Hilson L\u00f3pez Vielmo fue atrapado por la Polic\u00eda de aquel pa\u00eds y su hermano cay\u00f3 el viernes en manos de la Polic\u00eda uruguaya.<\/p>\n\n\n\n<p>A los hermanos L\u00f3pez Vielmo, la Justicia federal argentina le puso precio por su localizaci\u00f3n. Fueron $3.000.000 lo que se ofreci\u00f3 en septiembre de 2023 por su captura, cifra que no se actualiz\u00f3 en estos dos a\u00f1os.<\/p>\n\n\n\n<p>D\u00edas atr\u00e1s, el caso de los Prefectos atacados y heridos volvi\u00f3 a recobrar notoriedad, tras un serio incidente hecho p\u00fablico por el exayudante de Primera Walter Ram\u00f3n G\u00f3mez, quien qued\u00f3 ciego tras aquella balacera. Tanto \u00e9l como su familia, denunciaron que fueron abandonados por la Prefectura para afrontar econ\u00f3micamente los costosos tratamientos m\u00e9dicos y psicol\u00f3gicos, tras el incidente. Denunciaron penalmente a uno de los jefes.<\/p>\n","protected":false},"excerpt":{"rendered":"<p>Estaba pr\u00f3fugo desde el 2022 y lo atraparon deambulando por la ciudad ubicada en frente de la frontera con Argentina. Sospechan que con intensiones de volver a delinquir en nuestro&hellip; <\/p>\n","protected":false},"author":4,"featured_media":226893,"comment_status":"closed","ping_status":"open","sticky":false,"template":"","format":"standard","meta":{"footnotes":""},"categories":[33],"tags":[],"class_list":["post-226892","post","type-post","status-publish","format-standard","has-post-thumbnail","hentry","category-policiales"],"_links":{"self":[{"href":"https:\/\/corrientesdetarde.com\/index.php\/wp-json\/wp\/v2\/posts\/226892","targetHints":{"allow":["GET"]}}],"collection":[{"href":"https:\/\/corrientesdetarde.com\/index.php\/wp-json\/wp\/v2\/posts"}],"about":[{"href":"https:\/\/corrientesdetarde.com\/index.php\/wp-json\/wp\/v2\/types\/post"}],"author":[{"embeddable":true,"href":"https:\/\/corrientesdetarde.com\/index.php\/wp-json\/wp\/v2\/users\/4"}],"replies":[{"embeddable":true,"href":"https:\/\/corrientesdetarde.com\/index.php\/wp-json\/wp\/v2\/comments?post=226892"}],"version-history":[{"count":1,"href":"https:\/\/corrientesdetarde.com\/index.php\/wp-json\/wp\/v2\/posts\/226892\/revisions"}],"predecessor-version":[{"id":226894,"href":"https:\/\/corrientesdetarde.com\/index.php\/wp-json\/wp\/v2\/posts\/226892\/revisions\/226894"}],"wp:featuredmedia":[{"embeddable":true,"href":"https:\/\/corrientesdetarde.com\/index.php\/wp-json\/wp\/v2\/media\/226893"}],"wp:attachment":[{"href":"https:\/\/corrientesdetarde.com\/index.php\/wp-json\/wp\/v2\/media?parent=226892"}],"wp:term":[{"taxonomy":"category","embeddable":true,"href":"https:\/\/corrientesdetarde.com\/index.php\/wp-json\/wp\/v2\/categories?post=226892"},{"taxonomy":"post_tag","embeddable":true,"href":"https:\/\/corrientesdetarde.com\/index.php\/wp-json\/wp\/v2\/tags?post=226892"}],"curies":[{"name":"wp","href":"https:\/\/api.w.org\/{rel}","templated":true}]}}