{"id":22690,"date":"2022-11-25T10:01:03","date_gmt":"2022-11-25T13:01:03","guid":{"rendered":"https:\/\/corrientesdetarde.com\/?p=22690"},"modified":"2022-11-25T10:01:06","modified_gmt":"2022-11-25T13:01:06","slug":"tras-casi-dos-anos-de-trabajo-se-estrena-la-serie-chamamecero","status":"publish","type":"post","link":"https:\/\/corrientesdetarde.com\/index.php\/cultura\/tras-casi-dos-anos-de-trabajo-se-estrena-la-serie-chamamecero\/","title":{"rendered":"Tras casi dos a\u00f1os de trabajo, se estrena la serie \u201cChamamecero&#8221;"},"content":{"rendered":"\n<p>Son diez cap\u00edtulos que se podr\u00e1n ver desde el 16 de diciembre a trav\u00e9s de la plataforma Corrientes Play. \u00a0\u00a0<\/p>\n\n\n\n<p>Tras casi dos a\u00f1os de trabajo, la serie documental \u201cChamamecero, nuestra manera de ser\u201d ser\u00e1 estrenada el 16 de diciembre a trav\u00e9s de la plataforma Corrientes Play. Son diez cap\u00edtulos de 21 minutos se recuperan los rasgos, aspectos y elementos que persistieron por m\u00e1s de 400 a\u00f1os en la memoria y en las pr\u00e1cticas culturales de la regi\u00f3n.&nbsp;<\/p>\n\n\n\n<p>\u201cChamamecero, nuestra manera de ser\u201d, recorre la historia socio-cultural del fen\u00f3meno chamamecero para entender c\u00f3mo surge, vive y se expresa. &nbsp;El equipo de producci\u00f3n est\u00e1 encabezado por el investigador y cantautor Julio C\u00e1ceres, el gestor cultural y comunicador Luis Moulin, el investigador y gestor cultural Cayo Fern\u00e1ndez y el realizador audiovisual Facundo Vallejos Yunes.&nbsp;<\/p>\n\n\n\n<p>El trabajo de campo se extendi\u00f3 por m\u00e1s de un a\u00f1o y medio en la provincia de Corrientes y la regi\u00f3n para reconstruir la configuraci\u00f3n cultural identitaria del chamamecero, como portador y trasmisor de un acervo patrimonial singular. &nbsp;<\/p>\n\n\n\n<p>Con el m\u00e1s directo testimonio de sus portadores: m\u00fasicos, bailarines, poetas y aficionados, y el sustento te\u00f3rico de especialistas y acad\u00e9micos, se plantean las diferentes hip\u00f3tesis acerca del fen\u00f3meno que enmarca a este universo cultural. &nbsp;En 10 cap\u00edtulos de 21 minutos se recuperan los rasgos, aspectos y elementos que persistieron por m\u00e1s de 400 a\u00f1os en la memoria y en las pr\u00e1cticas culturales que la gente de la regi\u00f3n hace de manera natural y cotidiana y que trasciende fronteras, que es memoria ancestral y originaria, que es tambi\u00e9n presente y futuro. &nbsp;<\/p>\n\n\n\n<p>Seg\u00fan contaron quienes llevaron adelante este proyecto, Chamamecero es el resultado del recorrido por la provincia de Corrientes y la regi\u00f3n durante m\u00e1s de seis meses.&nbsp;<\/p>\n\n\n\n<p>La investigaci\u00f3n de campo permiti\u00f3 desnudar el particular modo de ver el mundo y la vida que tienen quienes forman parte de la naci\u00f3n chamamecera. &nbsp;<\/p>\n\n\n\n<p>El estreno oficial ser\u00e1 el 16 de diciembre, fecha emblem\u00e1tica e hist\u00f3rica para el fen\u00f3meno ya que precisamente fue ese mismo d\u00eda del a\u00f1o 2020 cuando la Organizaci\u00f3n de las Naciones Unidas para la Educaci\u00f3n, la Ciencia y la Cultura (Unesco) declar\u00f3 al Chamam\u00e9 como Patrimonio Cultural Inmaterial de la Humanidad, por su trascendental aporte a la cultura en todo el continente.&nbsp;<\/p>\n\n\n\n<p>La serie ser\u00e1 parte de la videoteca educativa que tiene el Gobierno Provincial a trav\u00e9s de la plataforma Corrientes Play que es utilizada en todas las escuelas de la provincia como espacio audiovisual educativo y l\u00fadico, as\u00ed como tambi\u00e9n la b\u00fasqueda de diferentes convenios con otras plataformas y medios nacionales.&nbsp;<\/p>\n\n\n\n<p>\u201cChamamecero, nuestra manera de ser&#8221; cuenta con el apoyo de: Gobierno de la Provincia de Corrientes, Ministerio de Educaci\u00f3n de la Provincia de Corrientes, Universidad Nacional del Nordeste, Instituto de Cultura de la Provincia de Corrientes, Academia Nacional del Folklore. &nbsp;<\/p>\n","protected":false},"excerpt":{"rendered":"<p>Son diez cap\u00edtulos que se podr\u00e1n ver desde el 16 de diciembre a trav\u00e9s de la plataforma Corrientes Play. \u00a0\u00a0 Tras casi dos a\u00f1os de trabajo, la serie documental \u201cChamamecero,&hellip; <\/p>\n","protected":false},"author":4,"featured_media":22691,"comment_status":"closed","ping_status":"open","sticky":false,"template":"","format":"standard","meta":{"footnotes":""},"categories":[15],"tags":[],"class_list":["post-22690","post","type-post","status-publish","format-standard","has-post-thumbnail","hentry","category-cultura"],"_links":{"self":[{"href":"https:\/\/corrientesdetarde.com\/index.php\/wp-json\/wp\/v2\/posts\/22690","targetHints":{"allow":["GET"]}}],"collection":[{"href":"https:\/\/corrientesdetarde.com\/index.php\/wp-json\/wp\/v2\/posts"}],"about":[{"href":"https:\/\/corrientesdetarde.com\/index.php\/wp-json\/wp\/v2\/types\/post"}],"author":[{"embeddable":true,"href":"https:\/\/corrientesdetarde.com\/index.php\/wp-json\/wp\/v2\/users\/4"}],"replies":[{"embeddable":true,"href":"https:\/\/corrientesdetarde.com\/index.php\/wp-json\/wp\/v2\/comments?post=22690"}],"version-history":[{"count":1,"href":"https:\/\/corrientesdetarde.com\/index.php\/wp-json\/wp\/v2\/posts\/22690\/revisions"}],"predecessor-version":[{"id":22692,"href":"https:\/\/corrientesdetarde.com\/index.php\/wp-json\/wp\/v2\/posts\/22690\/revisions\/22692"}],"wp:featuredmedia":[{"embeddable":true,"href":"https:\/\/corrientesdetarde.com\/index.php\/wp-json\/wp\/v2\/media\/22691"}],"wp:attachment":[{"href":"https:\/\/corrientesdetarde.com\/index.php\/wp-json\/wp\/v2\/media?parent=22690"}],"wp:term":[{"taxonomy":"category","embeddable":true,"href":"https:\/\/corrientesdetarde.com\/index.php\/wp-json\/wp\/v2\/categories?post=22690"},{"taxonomy":"post_tag","embeddable":true,"href":"https:\/\/corrientesdetarde.com\/index.php\/wp-json\/wp\/v2\/tags?post=22690"}],"curies":[{"name":"wp","href":"https:\/\/api.w.org\/{rel}","templated":true}]}}