{"id":226906,"date":"2025-09-15T06:48:54","date_gmt":"2025-09-15T09:48:54","guid":{"rendered":"https:\/\/corrientesdetarde.com\/?p=226906"},"modified":"2025-09-15T06:49:01","modified_gmt":"2025-09-15T09:49:01","slug":"la-ucr-fue-el-partido-con-mas-votos-en-las-ultimas-elecciones-en-corrientes","status":"publish","type":"post","link":"https:\/\/corrientesdetarde.com\/index.php\/politica\/la-ucr-fue-el-partido-con-mas-votos-en-las-ultimas-elecciones-en-corrientes\/","title":{"rendered":"La UCR fue el partido con m\u00e1s votos en las \u00faltimas elecciones en Corrientes"},"content":{"rendered":"\n<p>Nuevamente, la lista 3 fue la que mayor cantidad de adhesiones cosech\u00f3, seg\u00fan resultado del escrutinio definitivo. El PJ fue la segunda fuerza, pero el radicalismo ampli\u00f3 la distancia con m\u00e1s de 35.000 sufragios arriba. El voto en blanco, en niveles muy altos.<\/p>\n\n\n\n<p>Por lejos, la Uni\u00f3n C\u00edvica Radical fue el partido con m\u00e1s votos en los \u00faltimos comicios provinciales. Es la quinta elecci\u00f3n provincial en el cual la UCR obtiene la mayor cantidad de sufragios, tendencia que se observa desde 2017 cuando Gustavo Vald\u00e9s fuera por primera vez electo Gobernador de Corrientes.<\/p>\n\n\n\n<p>La particularidad es que el radicalismo obtuvo una brecha notable con el PJ, que, como es habitual, logr\u00f3 posicionarse como la segunda fuerza en la provincia. De acuerdo con los datos del escrutinio definitivo, la lista 3 cosech\u00f3 el 97.958 de los sufragios en la categor\u00eda de Gobernador y Vicegobernador. Representa el 15.34% del total de los v\u00e1lidos. La alianza llev\u00f3 como candidato al electo mandatario Juan Pablo Vald\u00e9s.<\/p>\n\n\n\n<p>Se trata de una cifra muy similar a 2017, cuando Gustavo Vald\u00e9s obtuvo 97.275 voluntades. Fue un a\u00f1o paradigm\u00e1tico para la UCR porque se posicion\u00f3 como el sello con mayor cantidad de adhesiones en un comicio provincial. Adem\u00e1s, el radical fue electo por primera vez en una elecci\u00f3n re\u00f1ida con el justicialismo y sus aliados.<\/p>\n\n\n\n<p>En la categor\u00eda senador provincial, este a\u00f1o la lista 3 obtuvo 97.844 votos. Una cifra muy inferior si se consideran las elecciones de medio t\u00e9rmino de 2023 cuando el radicalismo alcanz\u00f3 105.075 voluntades para la n\u00f3mina de integrantes en acceder a la C\u00e1mara alta provincial.<\/p>\n\n\n\n<p>&nbsp; &nbsp;&nbsp;<br>Por quinta elecci\u00f3n consecutiva, la UCR mantuvo la tendencia de destronar al PJ como el sello con m\u00e1s votos. Seg\u00fan datos del escrutinio definitivo el justicialismo obtuvo 62.262 votos en la categor\u00eda de Gobernador. Fue la segunda fuerza con m\u00e1s sufragios en la provincia en los comicios de este a\u00f1o.<\/p>\n\n\n\n<p>El partido fue vertebral en el frente Limpiar Corrientes que llev\u00f3 como candidato al Ejecutivo Provincial al intendente peronista de Paso de los Libres Mart\u00edn &#8220;Tincho&#8221; Asc\u00faa. Represent\u00f3, a su vez, el 9.75% del total de los sufragios.<\/p>\n\n\n\n<p>Sin embargo, la brecha con la UCR fue notable. El radicalismo super\u00f3 a la boleta del justicialismo por 35.696 votos. La \u00faltima vez que el PJ fue el sello con m\u00e1s sufragios en una elecci\u00f3n provincial fue en 2015, cuando cosech\u00f3 101.192 votos, de acuerdo con los resultados hist\u00f3ricos.<\/p>\n\n\n\n<p>Otro dato llamativo es la diferencia de voluntades seg\u00fan categor\u00eda en la boleta peronista. En la categor\u00eda de senadores el PJ logr\u00f3 60.741 votos, una cifra similar para la Gobernaci\u00f3n. No obstante, en diputados s\u00f3lo obtuvo 49.782 sufragios, es decir, una diferencia de m\u00e1s de 10.000 adhesiones. Esto coincide con que Nuevo Encuentro por la Democracia y la Equidad contabiliz\u00f3 11.665 votos para su lista.<\/p>\n\n\n\n<p>El tercer partido con m\u00e1s votos fue Vamos Corrientes, con 30.380 en la categor\u00eda para el Ejecutivo Provincial. Es el sello que dio nombre a la alianza del oficialismo. Se trata de uno espacio impulsado por Gustavo Vald\u00e9s desde las elecciones por la Gobernaci\u00f3n en 2021. El novel sello, a su vez, se ubic\u00f3 como el segundo con m\u00e1s adhesiones dentro del frente gobernante y represent\u00f3 el 4.76% del total.<\/p>\n\n\n\n<p>La cuarta fuerza con mayor cantidad de voluntades fue el Partido Popular Correntino. En la categor\u00eda de Gobernador logr\u00f3 22.017 votos, lo cual es el equivalente al 3,45% del total. Se trata de la instituci\u00f3n que preside el recientemente reelecto vicegobernador Pedro Braillard Poccard, quien acompa\u00f1ar\u00e1 a Juan Pablo Vald\u00e9s en el Gobierno.<\/p>\n\n\n\n<p>La quinta fuerza fue Proyecto Corrientes que obtuvo el 21.095 de las voluntades e integr\u00f3 el espacio Encuentro por Corrientes que llev\u00f3 como candidato a Ricardo Colombi.<\/p>\n\n\n\n<p><strong>El voto en blanco en todas la categor\u00edas provinciales<\/strong><br>&nbsp; &nbsp;&nbsp;<br>De acuerdo con los datos del escrutinio definitivo hubo 27.026 votos en blanco en la categor\u00eda por la Gobernaci\u00f3n. Con estos n\u00fameros fue la &#8220;cuarta fuerza&#8221;, luego de Vamos Corrientes, con mayor cantidad de adhesiones.<\/p>\n\n\n\n<p>El voto en blanco forma parte de un mensaje de la ciudadan\u00eda que no se inclina por ninguna de las opciones. En 2017, por ejemplo, el n\u00famero de votos en blanco fue de 4.529. La cifra fue mayor para la elecci\u00f3n de legisladores provinciales. En la categor\u00eda de senadores fue de 39.898 y en la diputados, se contabilizaron 42.629. Esto puede implicar que un gran n\u00famero opt\u00f3 solamente por votar Gobernador, dadas las diferencias.<\/p>\n","protected":false},"excerpt":{"rendered":"<p>Nuevamente, la lista 3 fue la que mayor cantidad de adhesiones cosech\u00f3, seg\u00fan resultado del escrutinio definitivo. El PJ fue la segunda fuerza, pero el radicalismo ampli\u00f3 la distancia con&hellip; <\/p>\n","protected":false},"author":4,"featured_media":226907,"comment_status":"closed","ping_status":"open","sticky":false,"template":"","format":"standard","meta":{"footnotes":""},"categories":[3],"tags":[],"class_list":["post-226906","post","type-post","status-publish","format-standard","has-post-thumbnail","hentry","category-politica"],"_links":{"self":[{"href":"https:\/\/corrientesdetarde.com\/index.php\/wp-json\/wp\/v2\/posts\/226906","targetHints":{"allow":["GET"]}}],"collection":[{"href":"https:\/\/corrientesdetarde.com\/index.php\/wp-json\/wp\/v2\/posts"}],"about":[{"href":"https:\/\/corrientesdetarde.com\/index.php\/wp-json\/wp\/v2\/types\/post"}],"author":[{"embeddable":true,"href":"https:\/\/corrientesdetarde.com\/index.php\/wp-json\/wp\/v2\/users\/4"}],"replies":[{"embeddable":true,"href":"https:\/\/corrientesdetarde.com\/index.php\/wp-json\/wp\/v2\/comments?post=226906"}],"version-history":[{"count":1,"href":"https:\/\/corrientesdetarde.com\/index.php\/wp-json\/wp\/v2\/posts\/226906\/revisions"}],"predecessor-version":[{"id":226908,"href":"https:\/\/corrientesdetarde.com\/index.php\/wp-json\/wp\/v2\/posts\/226906\/revisions\/226908"}],"wp:featuredmedia":[{"embeddable":true,"href":"https:\/\/corrientesdetarde.com\/index.php\/wp-json\/wp\/v2\/media\/226907"}],"wp:attachment":[{"href":"https:\/\/corrientesdetarde.com\/index.php\/wp-json\/wp\/v2\/media?parent=226906"}],"wp:term":[{"taxonomy":"category","embeddable":true,"href":"https:\/\/corrientesdetarde.com\/index.php\/wp-json\/wp\/v2\/categories?post=226906"},{"taxonomy":"post_tag","embeddable":true,"href":"https:\/\/corrientesdetarde.com\/index.php\/wp-json\/wp\/v2\/tags?post=226906"}],"curies":[{"name":"wp","href":"https:\/\/api.w.org\/{rel}","templated":true}]}}