{"id":226940,"date":"2025-09-15T10:28:04","date_gmt":"2025-09-15T13:28:04","guid":{"rendered":"https:\/\/corrientesdetarde.com\/?p=226940"},"modified":"2025-09-15T10:28:35","modified_gmt":"2025-09-15T13:28:35","slug":"rige-el-alerta-amarilla-por-lluvias-y-tormentas-en-corrientes","status":"publish","type":"post","link":"https:\/\/corrientesdetarde.com\/index.php\/clima\/rige-el-alerta-amarilla-por-lluvias-y-tormentas-en-corrientes\/","title":{"rendered":"Rige el alerta amarilla por lluvias y tormentas en Corrientes"},"content":{"rendered":"\n<p>El\u00a0<strong>Servicio Meteorol\u00f3gico Nacional (SMN)<\/strong>\u00a0emiti\u00f3 este lunes una\u00a0<strong>alerta amarilla por tormentas fuertes<\/strong>\u00a0que afectar\u00e1 a toda la provincia de Corrientes.\u00a0<\/p>\n\n\n\n<figure class=\"wp-block-image size-full\"><img loading=\"lazy\" decoding=\"async\" width=\"746\" height=\"366\" src=\"https:\/\/corrientesdetarde.com\/wp-content\/uploads\/2025\/09\/image-444.png\" alt=\"\" class=\"wp-image-226943\" srcset=\"https:\/\/corrientesdetarde.com\/wp-content\/uploads\/2025\/09\/image-444.png 746w, https:\/\/corrientesdetarde.com\/wp-content\/uploads\/2025\/09\/image-444-300x147.png 300w\" sizes=\"auto, (max-width: 746px) 100vw, 746px\" \/><\/figure>\n\n\n\n<p><\/p>\n\n\n\n<p>Seg\u00fan el organismo, las precipitaciones que comenzaron&nbsp;comenzaron&nbsp;en las primeras horas de la&nbsp;ma\u00f1ana, se mantendr\u00e1n durante toda la jornada, al menos hasta la tarde.<\/p>\n\n\n\n<p>\u201c<strong>Las tormentas estar\u00e1n acompa\u00f1adas por abundante ca\u00edda de agua en cortos per\u00edodos, actividad el\u00e9ctrica, r\u00e1fagas de viento y ocasional granizo<\/strong>\u201d, detall\u00f3 el SMN. Adem\u00e1s, se esperan valores de&nbsp;<strong>precipitaci\u00f3n acumulada entre 30 y 50 mil\u00edmetros<\/strong>, pudiendo ser superados en forma puntual.<\/p>\n\n\n\n<figure class=\"wp-block-image\"><img decoding=\"async\" src=\"https:\/\/pxcdn.ellitoral.com.ar\/litoral\/092025\/1757931442102\/Captura%20de%20pantalla%20(24).png?cw=807\" alt=\"Rige el alerta amarilla por lluvias y tormentas en Corrientes\" title=\"Rige el alerta amarilla por lluvias y tormentas en Corrientes-\"\/><\/figure>\n\n\n\n<p>El tiempo mejorar\u00e1 a partir del&nbsp;<strong>martes<\/strong>, con cielo parcialmente soleado y una temperatura m\u00e1xima de&nbsp;<strong>27 grados<\/strong>.<\/p>\n\n\n\n<p>Sin embargo, el\u00a0<strong>pron\u00f3stico extendido<\/strong>\u00a0del SMN advierte que hacia el\u00a0<strong>jueves regresar\u00e1n las lluvias<\/strong>, que podr\u00edan extenderse durante el fin de semana.<\/p>\n\n\n<div class=\"wp-block-image\">\n<figure class=\"aligncenter size-full\"><img loading=\"lazy\" decoding=\"async\" width=\"694\" height=\"512\" src=\"https:\/\/corrientesdetarde.com\/wp-content\/uploads\/2025\/09\/image-446.png\" alt=\"\" class=\"wp-image-226945\" srcset=\"https:\/\/corrientesdetarde.com\/wp-content\/uploads\/2025\/09\/image-446.png 694w, https:\/\/corrientesdetarde.com\/wp-content\/uploads\/2025\/09\/image-446-300x221.png 300w\" sizes=\"auto, (max-width: 694px) 100vw, 694px\" \/><\/figure>\n<\/div>","protected":false},"excerpt":{"rendered":"<p>El\u00a0Servicio Meteorol\u00f3gico Nacional (SMN)\u00a0emiti\u00f3 este lunes una\u00a0alerta amarilla por tormentas fuertes\u00a0que afectar\u00e1 a toda la provincia de Corrientes.\u00a0 Seg\u00fan el organismo, las precipitaciones que comenzaron&nbsp;comenzaron&nbsp;en las primeras horas de la&nbsp;ma\u00f1ana,&hellip; <\/p>\n","protected":false},"author":1,"featured_media":222895,"comment_status":"closed","ping_status":"open","sticky":false,"template":"","format":"standard","meta":{"footnotes":""},"categories":[29],"tags":[],"class_list":["post-226940","post","type-post","status-publish","format-standard","has-post-thumbnail","hentry","category-clima"],"_links":{"self":[{"href":"https:\/\/corrientesdetarde.com\/index.php\/wp-json\/wp\/v2\/posts\/226940","targetHints":{"allow":["GET"]}}],"collection":[{"href":"https:\/\/corrientesdetarde.com\/index.php\/wp-json\/wp\/v2\/posts"}],"about":[{"href":"https:\/\/corrientesdetarde.com\/index.php\/wp-json\/wp\/v2\/types\/post"}],"author":[{"embeddable":true,"href":"https:\/\/corrientesdetarde.com\/index.php\/wp-json\/wp\/v2\/users\/1"}],"replies":[{"embeddable":true,"href":"https:\/\/corrientesdetarde.com\/index.php\/wp-json\/wp\/v2\/comments?post=226940"}],"version-history":[{"count":1,"href":"https:\/\/corrientesdetarde.com\/index.php\/wp-json\/wp\/v2\/posts\/226940\/revisions"}],"predecessor-version":[{"id":226946,"href":"https:\/\/corrientesdetarde.com\/index.php\/wp-json\/wp\/v2\/posts\/226940\/revisions\/226946"}],"wp:featuredmedia":[{"embeddable":true,"href":"https:\/\/corrientesdetarde.com\/index.php\/wp-json\/wp\/v2\/media\/222895"}],"wp:attachment":[{"href":"https:\/\/corrientesdetarde.com\/index.php\/wp-json\/wp\/v2\/media?parent=226940"}],"wp:term":[{"taxonomy":"category","embeddable":true,"href":"https:\/\/corrientesdetarde.com\/index.php\/wp-json\/wp\/v2\/categories?post=226940"},{"taxonomy":"post_tag","embeddable":true,"href":"https:\/\/corrientesdetarde.com\/index.php\/wp-json\/wp\/v2\/tags?post=226940"}],"curies":[{"name":"wp","href":"https:\/\/api.w.org\/{rel}","templated":true}]}}