{"id":226942,"date":"2025-09-15T10:28:58","date_gmt":"2025-09-15T13:28:58","guid":{"rendered":"https:\/\/corrientesdetarde.com\/?p=226942"},"modified":"2025-09-15T10:29:29","modified_gmt":"2025-09-15T13:29:29","slug":"quien-ira-al-aula-del-futuro-una-capacitacion-analizara-como-la-baja-natalidad-impactara-en-la-educacion-argentina","status":"publish","type":"post","link":"https:\/\/corrientesdetarde.com\/index.php\/cultura\/quien-ira-al-aula-del-futuro-una-capacitacion-analizara-como-la-baja-natalidad-impactara-en-la-educacion-argentina\/","title":{"rendered":"\u00bfQUI\u00c9N IR\u00c1 AL AULA DEL FUTURO? UNA CAPACITACI\u00d3N ANALIZAR\u00c1 C\u00d3MO LA BAJA NATALIDAD IMPACTAR\u00c1 EN LA EDUCACI\u00d3N ARGENTINA"},"content":{"rendered":"\n<p>Este mi\u00e9rcoles 17 de septiembre a las 18 se realizar\u00e1 una capacitaci\u00f3n virtual gratuita bajo el t\u00edtulo \u201cBaja Natalidad: El desaf\u00edo demogr\u00e1fico y su impacto en la educaci\u00f3n argentina del siglo XXI\u201d.<\/p>\n\n\n\n<p>La actividad, organizada por la Asociaci\u00f3n de Institutos de Ense\u00f1anza Privada de la Rep\u00fablica Argentina (AIEPA), estar\u00e1 a cargo del Dr. Fernando Manzano, reconocido dem\u00f3grafo, Doctor en Demograf\u00eda por la Universidad Nacional de C\u00f3rdoba e Investigador Adjunto del CONICET.<\/p>\n\n\n\n<p>La iniciativa est\u00e1 dirigida a propietarios, representantes legales, directivos y docentes de todos los niveles educativos, y busca abrir el debate sobre uno de los fen\u00f3menos m\u00e1s relevantes \u2014y menos discutidos\u2014 que ya est\u00e1 modificando la estructura educativa del pa\u00eds: la sostenida disminuci\u00f3n de la natalidad.<\/p>\n\n\n\n<p>Durante el encuentro, el Dr. Manzano compartir\u00e1 datos actualizados sobre la evoluci\u00f3n de la tasa de natalidad en Argentina y sus consecuencias directas en la matr\u00edcula escolar, la planificaci\u00f3n educativa y el futuro de las instituciones, tanto estatales como privadas.<\/p>\n\n\n\n<p>Seg\u00fan los \u00faltimos datos oficiales, Argentina experimenta una de las tasas de natalidad m\u00e1s bajas de su historia reciente. Este fen\u00f3meno \u2014que ya es tendencia en numerosos pa\u00edses del mundo\u2014 plantea desaf\u00edos importantes para todos los actores del sistema educativo: desde jardines de infantes hasta universidades.<\/p>\n\n\n\n<p>El curso buscar\u00e1 ofrecer herramientas para interpretar este fen\u00f3meno desde una perspectiva demogr\u00e1fica y pedag\u00f3gica, brindando insumos para la toma de decisiones en los pr\u00f3ximos a\u00f1os.<\/p>\n\n\n\n<p>La capacitaci\u00f3n se desarrollar\u00e1 v\u00eda Zoom, es gratuita y requiere inscripci\u00f3n previa a trav\u00e9s del siguiente enlace:<\/p>\n\n\n\n<p><a href=\"https:\/\/forms.gle\/sKM65e6PCvXT2qVM9\">https:\/\/forms.gle\/sKM65e6PCvXT2qVM9<\/a><\/p>\n\n\n\n<p>Datos del evento:<br>Fecha: Mi\u00e9rcoles 17 de septiembre<br>Hora: 18:00 hs<br>Modalidad: Virtual (Zoom)<br>Disertante: Dr. Fernando Manzano (CONICET &#8211; UNC)<br>Actividad gratuita con inscripci\u00f3n previa<\/p>\n","protected":false},"excerpt":{"rendered":"<p>Este mi\u00e9rcoles 17 de septiembre a las 18 se realizar\u00e1 una capacitaci\u00f3n virtual gratuita bajo el t\u00edtulo \u201cBaja Natalidad: El desaf\u00edo demogr\u00e1fico y su impacto en la educaci\u00f3n argentina del&hellip; <\/p>\n","protected":false},"author":11,"featured_media":226947,"comment_status":"closed","ping_status":"open","sticky":false,"template":"","format":"standard","meta":{"footnotes":""},"categories":[23,15],"tags":[],"class_list":["post-226942","post","type-post","status-publish","format-standard","has-post-thumbnail","hentry","category-actualidad","category-cultura"],"_links":{"self":[{"href":"https:\/\/corrientesdetarde.com\/index.php\/wp-json\/wp\/v2\/posts\/226942","targetHints":{"allow":["GET"]}}],"collection":[{"href":"https:\/\/corrientesdetarde.com\/index.php\/wp-json\/wp\/v2\/posts"}],"about":[{"href":"https:\/\/corrientesdetarde.com\/index.php\/wp-json\/wp\/v2\/types\/post"}],"author":[{"embeddable":true,"href":"https:\/\/corrientesdetarde.com\/index.php\/wp-json\/wp\/v2\/users\/11"}],"replies":[{"embeddable":true,"href":"https:\/\/corrientesdetarde.com\/index.php\/wp-json\/wp\/v2\/comments?post=226942"}],"version-history":[{"count":1,"href":"https:\/\/corrientesdetarde.com\/index.php\/wp-json\/wp\/v2\/posts\/226942\/revisions"}],"predecessor-version":[{"id":226948,"href":"https:\/\/corrientesdetarde.com\/index.php\/wp-json\/wp\/v2\/posts\/226942\/revisions\/226948"}],"wp:featuredmedia":[{"embeddable":true,"href":"https:\/\/corrientesdetarde.com\/index.php\/wp-json\/wp\/v2\/media\/226947"}],"wp:attachment":[{"href":"https:\/\/corrientesdetarde.com\/index.php\/wp-json\/wp\/v2\/media?parent=226942"}],"wp:term":[{"taxonomy":"category","embeddable":true,"href":"https:\/\/corrientesdetarde.com\/index.php\/wp-json\/wp\/v2\/categories?post=226942"},{"taxonomy":"post_tag","embeddable":true,"href":"https:\/\/corrientesdetarde.com\/index.php\/wp-json\/wp\/v2\/tags?post=226942"}],"curies":[{"name":"wp","href":"https:\/\/api.w.org\/{rel}","templated":true}]}}