{"id":226980,"date":"2025-09-15T13:42:15","date_gmt":"2025-09-15T16:42:15","guid":{"rendered":"https:\/\/corrientesdetarde.com\/?p=226980"},"modified":"2025-09-15T13:42:41","modified_gmt":"2025-09-15T16:42:41","slug":"contaduria-general-suma-servicio-de-firma-digital-con-y-sin-token-individual-o-masiva","status":"publish","type":"post","link":"https:\/\/corrientesdetarde.com\/index.php\/tecnologia\/contaduria-general-suma-servicio-de-firma-digital-con-y-sin-token-individual-o-masiva\/","title":{"rendered":"Contadur\u00eda General suma servicio de firma digital con y sin token, individual o masiva"},"content":{"rendered":"\n<p>La Contadur\u00eda General de la Provincia de Corrientes desarroll\u00f3 y puso en marcha el&nbsp;<strong>Subsistema Bandeja de Documentos<\/strong>, un innovador servicio que permite realizar firmas digitales con y sin token de forma individual o masiva, valida e identifica el firmante en todo el proceso y posibilita firmar entre integrantes de diferentes organismos provinciales.<\/p>\n\n\n\n<p>El Subsistema Bandeja de Documentos ya ha sido implementado en su ambiente de prueba y el personal de todas las entidades de los tres poderes del Estado ha sido capacitado para su correcto uso.<\/p>\n\n\n\n<p>El nuevo&nbsp;<strong>subsistema<\/strong>&nbsp;es el primer servicio en la provincia que integra de manera completa la digitalizaci\u00f3n y firma de documentos, permitiendo su inclusi\u00f3n en circuitos de firmas digitales autorizadas y su vinculaci\u00f3n con otros m\u00f3dulos operativos. Esta herramienta optimiza la gesti\u00f3n al posibilitar a los usuarios crear y gestionar notas e informes digitales, incorporar documentos PDF externos al sistema y adjuntar comprobantes para su firma digital.<\/p>\n\n\n\n<p><strong>Avance significativo<\/strong><\/p>\n\n\n\n<p>Al igual que todos los desarrollos tecnol\u00f3gicos de la Contadur\u00eda General, esta funci\u00f3n se ofrece sin generar gasto extra a las jurisdicciones provinciales. La implementaci\u00f3n representa un avance significativo que no solo agiliza los procesos administrativos, sino que tambi\u00e9n refuerza la transparencia y la eficiencia en la administraci\u00f3n del Estado provincial.<\/p>\n\n\n\n<p>Para mantenerse informado sobre todas las novedades de la Contadur\u00eda General de la Provincia de&nbsp; Corrientes, la instituci\u00f3n cuenta con un portal oficial&nbsp;<a href=\"https:\/\/4ue34.r.sp1-brevo.net\/mk\/cl\/f\/sh\/6rqJfgq8dINmNvd2HB7mP7OK8Ju\/VUyWhKBvqYZv\" target=\"_blank\" rel=\"noreferrer noopener\">https:\/\/www.cgpcorrientes.gob.ar\/<\/a>&nbsp;&nbsp;que centraliza el acceso a sus redes sociales (Instagram, Facebook, YouTube), fortaleciendo as\u00ed la comunicaci\u00f3n y la difusi\u00f3n de sus acciones ante la comunidad.<\/p>\n\n\n\n<figure class=\"wp-block-image size-large\"><img loading=\"lazy\" decoding=\"async\" width=\"1024\" height=\"473\" src=\"https:\/\/corrientesdetarde.com\/wp-content\/uploads\/2025\/09\/image-458-1024x473.png\" alt=\"\" class=\"wp-image-226982\" srcset=\"https:\/\/corrientesdetarde.com\/wp-content\/uploads\/2025\/09\/image-458-1024x473.png 1024w, https:\/\/corrientesdetarde.com\/wp-content\/uploads\/2025\/09\/image-458-300x139.png 300w, https:\/\/corrientesdetarde.com\/wp-content\/uploads\/2025\/09\/image-458-768x355.png 768w, https:\/\/corrientesdetarde.com\/wp-content\/uploads\/2025\/09\/image-458-1536x709.png 1536w, https:\/\/corrientesdetarde.com\/wp-content\/uploads\/2025\/09\/image-458.png 1600w\" sizes=\"auto, (max-width: 1024px) 100vw, 1024px\" \/><\/figure>\n\n\n\n<figure class=\"wp-block-image size-large\"><img loading=\"lazy\" decoding=\"async\" width=\"1024\" height=\"906\" src=\"https:\/\/corrientesdetarde.com\/wp-content\/uploads\/2025\/09\/image-459-1024x906.png\" alt=\"\" class=\"wp-image-226983\" srcset=\"https:\/\/corrientesdetarde.com\/wp-content\/uploads\/2025\/09\/image-459-1024x906.png 1024w, https:\/\/corrientesdetarde.com\/wp-content\/uploads\/2025\/09\/image-459-300x266.png 300w, https:\/\/corrientesdetarde.com\/wp-content\/uploads\/2025\/09\/image-459-768x680.png 768w, https:\/\/corrientesdetarde.com\/wp-content\/uploads\/2025\/09\/image-459-1536x1359.png 1536w, https:\/\/corrientesdetarde.com\/wp-content\/uploads\/2025\/09\/image-459.png 1600w\" sizes=\"auto, (max-width: 1024px) 100vw, 1024px\" \/><\/figure>\n","protected":false},"excerpt":{"rendered":"<p>La Contadur\u00eda General de la Provincia de Corrientes desarroll\u00f3 y puso en marcha el&nbsp;Subsistema Bandeja de Documentos, un innovador servicio que permite realizar firmas digitales con y sin token de&hellip; <\/p>\n","protected":false},"author":8,"featured_media":226981,"comment_status":"closed","ping_status":"open","sticky":false,"template":"","format":"standard","meta":{"footnotes":""},"categories":[24],"tags":[],"class_list":["post-226980","post","type-post","status-publish","format-standard","has-post-thumbnail","hentry","category-tecnologia"],"_links":{"self":[{"href":"https:\/\/corrientesdetarde.com\/index.php\/wp-json\/wp\/v2\/posts\/226980","targetHints":{"allow":["GET"]}}],"collection":[{"href":"https:\/\/corrientesdetarde.com\/index.php\/wp-json\/wp\/v2\/posts"}],"about":[{"href":"https:\/\/corrientesdetarde.com\/index.php\/wp-json\/wp\/v2\/types\/post"}],"author":[{"embeddable":true,"href":"https:\/\/corrientesdetarde.com\/index.php\/wp-json\/wp\/v2\/users\/8"}],"replies":[{"embeddable":true,"href":"https:\/\/corrientesdetarde.com\/index.php\/wp-json\/wp\/v2\/comments?post=226980"}],"version-history":[{"count":1,"href":"https:\/\/corrientesdetarde.com\/index.php\/wp-json\/wp\/v2\/posts\/226980\/revisions"}],"predecessor-version":[{"id":226984,"href":"https:\/\/corrientesdetarde.com\/index.php\/wp-json\/wp\/v2\/posts\/226980\/revisions\/226984"}],"wp:featuredmedia":[{"embeddable":true,"href":"https:\/\/corrientesdetarde.com\/index.php\/wp-json\/wp\/v2\/media\/226981"}],"wp:attachment":[{"href":"https:\/\/corrientesdetarde.com\/index.php\/wp-json\/wp\/v2\/media?parent=226980"}],"wp:term":[{"taxonomy":"category","embeddable":true,"href":"https:\/\/corrientesdetarde.com\/index.php\/wp-json\/wp\/v2\/categories?post=226980"},{"taxonomy":"post_tag","embeddable":true,"href":"https:\/\/corrientesdetarde.com\/index.php\/wp-json\/wp\/v2\/tags?post=226980"}],"curies":[{"name":"wp","href":"https:\/\/api.w.org\/{rel}","templated":true}]}}