{"id":226985,"date":"2025-09-15T13:44:20","date_gmt":"2025-09-15T16:44:20","guid":{"rendered":"https:\/\/corrientesdetarde.com\/?p=226985"},"modified":"2025-09-15T13:44:33","modified_gmt":"2025-09-15T16:44:33","slug":"diplomatura-en-patrimonio-cultural-inmaterial-se-trabaja-en-identificacion-y-proteccion-en-territorio","status":"publish","type":"post","link":"https:\/\/corrientesdetarde.com\/index.php\/cultura\/diplomatura-en-patrimonio-cultural-inmaterial-se-trabaja-en-identificacion-y-proteccion-en-territorio\/","title":{"rendered":"Diplomatura en Patrimonio Cultural Inmaterial: se\u00a0trabaja en identificaci\u00f3n y protecci\u00f3n en territorio"},"content":{"rendered":"\n<p>Avanza con \u00e9xito la Diplomatura en Patrimonio Cultural Inmaterial, Gesti\u00f3n y Desarrollo Sostenible, organizada por el Instituto de Cultura de Corrientes y la Facultad de Artes, Dise\u00f1o y Ciencias de la Cultura de la UNNE. Una formaci\u00f3n virtual que inici\u00f3 en agosto y busca profesionalizar el sector cultural.<\/p>\n\n\n\n<p>A partir de los trabajos presentados por los estudiantes, se observa que superan las expectativas, logrando aplicar los conocimientos te\u00f3ricos a la realidad de sus territorios. En los primeros dos m\u00f3dulos de la diplomatura, adquirieron conocimientos esenciales sobre el Patrimonio Cultural Inmaterial (PCI), y ya comenzaron a delinear posibles l\u00edneas de acci\u00f3n.<\/p>\n\n\n\n<p>En el primer m\u00f3dulo, se abordaron conceptos relacionados con el PCI, y su relaci\u00f3n con la Agenda 2030 y el desarrollo sostenible, a cargo de las mag\u00edsteres Luciana Sudar Klappenbach y Laura Arruzabala.<\/p>\n\n\n\n<p>En el segundo m\u00f3dulo, a cargo de las mismas profesoras, se trabaj\u00f3 en metodolog\u00edas y estrategias para el abordaje del PCI. El foco estuvo en la participaci\u00f3n comunitaria como eje central para la gesti\u00f3n del patrimonio.<\/p>\n\n\n\n<p>Quienes forman parte de la diplomatura aprendieron a identificar elementos, a realizar registros aplicando t\u00e9cnicas como entrevistas y observaci\u00f3n, todo ello en un marco de principios \u00e9ticos para el trabajo comunitario. Y adem\u00e1s esbozaron las primeras l\u00edneas de gesti\u00f3n patrimonial relacionadas tanto con la promoci\u00f3n como con la protecci\u00f3n de las mismas.<\/p>\n\n\n\n<p><strong>Proyectos<\/strong><\/p>\n\n\n\n<p>Los trabajos pr\u00e1cticos integradores presentados por los estudiantes no solo evidenciaron un s\u00f3lido conocimiento te\u00f3rico, sino tambi\u00e9n una notable capacidad para aplicar los conceptos en su entorno. Lograron identificar y analizar manifestaciones de PCI en sus propias localidades, abarcando una amplia gama de ejemplos de diferentes partes de Argentina (Corrientes, Entre R\u00edos, Formosa, Chaco) y del mundo (Espa\u00f1a, Francia, Colombia).<\/p>\n\n\n\n<p>Entre los proyectos se encuentran: T\u00e9cnicas Artesanales, el tejido del \u00f1andut\u00ed, los encajes, el chaguar y la cer\u00e1mica guaran\u00ed de Isla Apip\u00e9; Fiestas y Devociones Populares: La fiesta de Santa Rita de Casia, San Pedro Ap\u00f3stol, San Isidro en Madrid, las fiestas de San Baltazar en Corrientes y la devoci\u00f3n al Gauchito Gil.<\/p>\n\n\n\n<p>Tambi\u00e9n Expresiones Art\u00edsticas y Comunitarias, como es el caso del teatro popular callejero de Cali, las peregrinaciones a santuarios como el de Itat\u00ed y San Cayetano, y los carnavales de diferentes localidades.&nbsp;<\/p>\n\n\n\n<p>Estos trabajos no solo confirman que los objetivos de la diplomatura se est\u00e1n cumpliendo, sino que tambi\u00e9n reflejan la importancia de la formaci\u00f3n en la preservaci\u00f3n y valorizaci\u00f3n del patrimonio cultural inmaterial a nivel local y regional. El \u00e9xito de esta primera etapa sienta un precedente muy positivo para el resto de la formaci\u00f3n.<\/p>\n\n\n\n<figure class=\"wp-block-image size-full\"><img loading=\"lazy\" decoding=\"async\" width=\"790\" height=\"593\" src=\"https:\/\/corrientesdetarde.com\/wp-content\/uploads\/2025\/09\/image-460.png\" alt=\"\" class=\"wp-image-226986\" srcset=\"https:\/\/corrientesdetarde.com\/wp-content\/uploads\/2025\/09\/image-460.png 790w, https:\/\/corrientesdetarde.com\/wp-content\/uploads\/2025\/09\/image-460-300x225.png 300w, https:\/\/corrientesdetarde.com\/wp-content\/uploads\/2025\/09\/image-460-768x576.png 768w\" sizes=\"auto, (max-width: 790px) 100vw, 790px\" \/><\/figure>\n\n\n\n<figure class=\"wp-block-image size-large\"><img loading=\"lazy\" decoding=\"async\" width=\"472\" height=\"1024\" src=\"https:\/\/corrientesdetarde.com\/wp-content\/uploads\/2025\/09\/image-461-472x1024.png\" alt=\"\" class=\"wp-image-226987\" srcset=\"https:\/\/corrientesdetarde.com\/wp-content\/uploads\/2025\/09\/image-461-472x1024.png 472w, https:\/\/corrientesdetarde.com\/wp-content\/uploads\/2025\/09\/image-461-138x300.png 138w, https:\/\/corrientesdetarde.com\/wp-content\/uploads\/2025\/09\/image-461.png 590w\" sizes=\"auto, (max-width: 472px) 100vw, 472px\" \/><\/figure>\n\n\n\n<figure class=\"wp-block-image size-full\"><img loading=\"lazy\" decoding=\"async\" width=\"450\" height=\"255\" src=\"https:\/\/corrientesdetarde.com\/wp-content\/uploads\/2025\/09\/image-462.png\" alt=\"\" class=\"wp-image-226988\" srcset=\"https:\/\/corrientesdetarde.com\/wp-content\/uploads\/2025\/09\/image-462.png 450w, https:\/\/corrientesdetarde.com\/wp-content\/uploads\/2025\/09\/image-462-300x170.png 300w\" sizes=\"auto, (max-width: 450px) 100vw, 450px\" \/><\/figure>\n\n\n\n<figure class=\"wp-block-image size-full\"><img loading=\"lazy\" decoding=\"async\" width=\"1000\" height=\"504\" src=\"https:\/\/corrientesdetarde.com\/wp-content\/uploads\/2025\/09\/image-463.png\" alt=\"\" class=\"wp-image-226989\" srcset=\"https:\/\/corrientesdetarde.com\/wp-content\/uploads\/2025\/09\/image-463.png 1000w, https:\/\/corrientesdetarde.com\/wp-content\/uploads\/2025\/09\/image-463-300x151.png 300w, https:\/\/corrientesdetarde.com\/wp-content\/uploads\/2025\/09\/image-463-768x387.png 768w\" sizes=\"auto, (max-width: 1000px) 100vw, 1000px\" \/><\/figure>\n","protected":false},"excerpt":{"rendered":"<p>Avanza con \u00e9xito la Diplomatura en Patrimonio Cultural Inmaterial, Gesti\u00f3n y Desarrollo Sostenible, organizada por el Instituto de Cultura de Corrientes y la Facultad de Artes, Dise\u00f1o y Ciencias de&hellip; <\/p>\n","protected":false},"author":8,"featured_media":226987,"comment_status":"closed","ping_status":"open","sticky":false,"template":"","format":"standard","meta":{"footnotes":""},"categories":[15],"tags":[],"class_list":["post-226985","post","type-post","status-publish","format-standard","has-post-thumbnail","hentry","category-cultura"],"_links":{"self":[{"href":"https:\/\/corrientesdetarde.com\/index.php\/wp-json\/wp\/v2\/posts\/226985","targetHints":{"allow":["GET"]}}],"collection":[{"href":"https:\/\/corrientesdetarde.com\/index.php\/wp-json\/wp\/v2\/posts"}],"about":[{"href":"https:\/\/corrientesdetarde.com\/index.php\/wp-json\/wp\/v2\/types\/post"}],"author":[{"embeddable":true,"href":"https:\/\/corrientesdetarde.com\/index.php\/wp-json\/wp\/v2\/users\/8"}],"replies":[{"embeddable":true,"href":"https:\/\/corrientesdetarde.com\/index.php\/wp-json\/wp\/v2\/comments?post=226985"}],"version-history":[{"count":1,"href":"https:\/\/corrientesdetarde.com\/index.php\/wp-json\/wp\/v2\/posts\/226985\/revisions"}],"predecessor-version":[{"id":226990,"href":"https:\/\/corrientesdetarde.com\/index.php\/wp-json\/wp\/v2\/posts\/226985\/revisions\/226990"}],"wp:featuredmedia":[{"embeddable":true,"href":"https:\/\/corrientesdetarde.com\/index.php\/wp-json\/wp\/v2\/media\/226987"}],"wp:attachment":[{"href":"https:\/\/corrientesdetarde.com\/index.php\/wp-json\/wp\/v2\/media?parent=226985"}],"wp:term":[{"taxonomy":"category","embeddable":true,"href":"https:\/\/corrientesdetarde.com\/index.php\/wp-json\/wp\/v2\/categories?post=226985"},{"taxonomy":"post_tag","embeddable":true,"href":"https:\/\/corrientesdetarde.com\/index.php\/wp-json\/wp\/v2\/tags?post=226985"}],"curies":[{"name":"wp","href":"https:\/\/api.w.org\/{rel}","templated":true}]}}