{"id":227025,"date":"2025-09-15T16:00:03","date_gmt":"2025-09-15T19:00:03","guid":{"rendered":"https:\/\/corrientesdetarde.com\/?p=227025"},"modified":"2025-09-15T16:00:08","modified_gmt":"2025-09-15T19:00:08","slug":"maduro-acuso-a-trump-de-preparar-una-agresion-militar-contra-venezuela-y-aseguro-que-puede-enfrentarlo","status":"publish","type":"post","link":"https:\/\/corrientesdetarde.com\/index.php\/internacionales\/maduro-acuso-a-trump-de-preparar-una-agresion-militar-contra-venezuela-y-aseguro-que-puede-enfrentarlo\/","title":{"rendered":"Maduro acus\u00f3 a Trump de preparar una \u201cagresi\u00f3n militar\u201d contra Venezuela y asegur\u00f3 que puede enfrentarlo"},"content":{"rendered":"\n<p>Dijo que las comunicaciones con Washington \u201cest\u00e1n deshechas\u201d.<\/p>\n\n\n\n<p>El presidente de Venezuela,&nbsp;<strong>Nicol\u00e1s Maduro<\/strong>, afirm\u00f3 este lunes que Estados Unidos prepara una \u201cagresi\u00f3n\u201d de \u201ccar\u00e1cter militar\u201d contra su pa\u00eds y asegur\u00f3 que su gobierno est\u00e1 habilitado por \u201cleyes internacionales\u201d para enfrentarla.<\/p>\n\n\n\n<p>Hay \u201cuna agresi\u00f3n en camino, de car\u00e1cter militar, y Venezuela est\u00e1 facultada por las leyes internacionales para hacer(le) frente\u201d, indic\u00f3 el mandatario.<\/p>\n\n\n\n<p>En una rueda de prensa con medios internacionales, Maduro anunci\u00f3 adem\u00e1s que \u201clas comunicaciones con el gobierno de Estados Unidos est\u00e1n deshechas\u201d.<\/p>\n\n\n\n<p>El presidente estadounidense, Donald Trump, despleg\u00f3\u00a0<strong>ocho buques militares y un submarino\u00a0<\/strong>en el mar Caribe, bajo el argumento de combatir el narcotr\u00e1fico. El domingo\u00a0llegaron al menos cinco aviones de combate F-35 de la Marina a Puerto Rico.<\/p>\n\n\n\n<h2 class=\"wp-block-heading\">Qu\u00e9 dijo Nicol\u00e1s Maduro<\/h2>\n\n\n\n<p>En su extensa conferencia de prensa, Maduro afirm\u00f3 que Venezuela est\u00e1 \u201cm\u00e1s preparada\u201d para una \u201clucha armada\u201d, en caso de que el pa\u00eds fuera agredido por Estados Unidos.<\/p>\n\n\n\n<p>\u201cHoy Venezuela tiene m\u00e1s poder nacional, est\u00e1 m\u00e1s unida, est\u00e1 m\u00e1s preparada para preservar, en cualquier circunstancia, si nos tocara ir a la lucha armada, su independencia y construir la paz\u201d, expres\u00f3.<\/p>\n\n\n\n<p>El mandatario dijo que la primera ministra de Trinidad y Tobago,&nbsp;<strong>Kamla Persad-Bissessar<\/strong>, \u201cse volvi\u00f3 loca\u201d, despu\u00e9s que ese pa\u00eds vecino respaldara el despliegue estadounidense en el \u00e1rea. \u201cSencillamente,<strong>&nbsp;la primera ministra de Trinidad y Tobago se volvi\u00f3 loca<\/strong>, se volvi\u00f3 loca, amenazando que desde Trinidad y Tobago ella va autorizar ataques contra Venezuela, declar\u00e1ndole casi la guerra a Venezuela. Yo estoy seguro que el pueblo de Trinidad y Tobago est\u00e1 en contra completamente, somos pa\u00edses vecinos\u201d, dijo.<\/p>\n\n\n\n<figure class=\"wp-block-image\"><img decoding=\"async\" src=\"https:\/\/tn.com.ar\/resizer\/v2\/nicolas-maduro-dio-una-rueda-de-prensa-en-caracas-foto-reutersleonardo-fernandez-viloria-MYTQULMXRZZN6MJ65NOCNBRGCY.jpg?auth=e1d2b03950594de874d07bd77e7885dba82b8143ec85b1efa6f11ac2d7ed7dbd&amp;width=767\" alt=\"Nicol\u00e1s Maduro dio una rueda de prensa en Caracas (Foto: REUTERS\/Leonardo Fern\u00e1ndez Viloria)\"\/><\/figure>\n\n\n\n<p>Adem\u00e1s, el gobernante chavista inform\u00f3 sobre la incautaci\u00f3n de 3600 kilos de coca\u00edna transportados en una lancha, aunque no precis\u00f3 d\u00f3nde se hizo el operativo.<\/p>\n\n\n\n<p>\u201cHoy hemos tenido un gran \u00e9xito porque acabamos de hacer la interdicci\u00f3n legal de una lancha con 3600 kilos de coca\u00edna. Ahora, en tiempo real, est\u00e1 sucediendo. Fueron rodeados, se utiliz\u00f3 la fuerza proporcional que manda la justicia y fueron capturados\u201d, indic\u00f3 Maduro.<\/p>\n\n\n\n<p>EE.UU.\u00a0atac\u00f3 y destruy\u00f3 una lancha\u00a0que hab\u00eda salido desde las costas venezolanas el 2 de este mes con un supuesto cargamento de drogas, seg\u00fan Trump. En la acci\u00f3n habr\u00eda muerto 11 personas.<\/p>\n\n\n\n<p>Maduro adem\u00e1s dijo que su gobierno mantiene una comunicaci\u00f3n \u201cm\u00ednima\u201d con el encargado de Negocios interino de la Oficina Externa de EE.UU. para en Colombia, John McNamara, para el regreso de los migrantes.<\/p>\n\n\n\n<p>\u201cLas comunicaciones no est\u00e1n en cero, no est\u00e1n en cero, pero est\u00e1n deshechas, se mantiene un hilo b\u00e1sico con el se\u00f1or McNamara que es un marine, un soldado que estuvo en la ocupaci\u00f3n de Afganist\u00e1n, Bagdad. McNamara no es un diplom\u00e1tico, es un militar acostumbrado a la guerra y est\u00e1 en Bogot\u00e1, \u00e9l utiliza m\u00e9todos de guerra con otros pa\u00edses, con nosotros ni se atreve\u201d, dijo.<\/p>\n","protected":false},"excerpt":{"rendered":"<p>Dijo que las comunicaciones con Washington \u201cest\u00e1n deshechas\u201d. El presidente de Venezuela,&nbsp;Nicol\u00e1s Maduro, afirm\u00f3 este lunes que Estados Unidos prepara una \u201cagresi\u00f3n\u201d de \u201ccar\u00e1cter militar\u201d contra su pa\u00eds y asegur\u00f3&hellip; <\/p>\n","protected":false},"author":8,"featured_media":227026,"comment_status":"closed","ping_status":"open","sticky":false,"template":"","format":"standard","meta":{"footnotes":""},"categories":[11],"tags":[],"class_list":["post-227025","post","type-post","status-publish","format-standard","has-post-thumbnail","hentry","category-internacionales"],"_links":{"self":[{"href":"https:\/\/corrientesdetarde.com\/index.php\/wp-json\/wp\/v2\/posts\/227025","targetHints":{"allow":["GET"]}}],"collection":[{"href":"https:\/\/corrientesdetarde.com\/index.php\/wp-json\/wp\/v2\/posts"}],"about":[{"href":"https:\/\/corrientesdetarde.com\/index.php\/wp-json\/wp\/v2\/types\/post"}],"author":[{"embeddable":true,"href":"https:\/\/corrientesdetarde.com\/index.php\/wp-json\/wp\/v2\/users\/8"}],"replies":[{"embeddable":true,"href":"https:\/\/corrientesdetarde.com\/index.php\/wp-json\/wp\/v2\/comments?post=227025"}],"version-history":[{"count":1,"href":"https:\/\/corrientesdetarde.com\/index.php\/wp-json\/wp\/v2\/posts\/227025\/revisions"}],"predecessor-version":[{"id":227027,"href":"https:\/\/corrientesdetarde.com\/index.php\/wp-json\/wp\/v2\/posts\/227025\/revisions\/227027"}],"wp:featuredmedia":[{"embeddable":true,"href":"https:\/\/corrientesdetarde.com\/index.php\/wp-json\/wp\/v2\/media\/227026"}],"wp:attachment":[{"href":"https:\/\/corrientesdetarde.com\/index.php\/wp-json\/wp\/v2\/media?parent=227025"}],"wp:term":[{"taxonomy":"category","embeddable":true,"href":"https:\/\/corrientesdetarde.com\/index.php\/wp-json\/wp\/v2\/categories?post=227025"},{"taxonomy":"post_tag","embeddable":true,"href":"https:\/\/corrientesdetarde.com\/index.php\/wp-json\/wp\/v2\/tags?post=227025"}],"curies":[{"name":"wp","href":"https:\/\/api.w.org\/{rel}","templated":true}]}}