{"id":227028,"date":"2025-09-15T16:03:33","date_gmt":"2025-09-15T19:03:33","guid":{"rendered":"https:\/\/corrientesdetarde.com\/?p=227028"},"modified":"2025-09-15T16:03:45","modified_gmt":"2025-09-15T19:03:45","slug":"en-medio-del-escandalo-de-los-audios-de-spagnuolo-el-gobierno-profundiza-los-cambios-en-la-andis","status":"publish","type":"post","link":"https:\/\/corrientesdetarde.com\/index.php\/politica\/en-medio-del-escandalo-de-los-audios-de-spagnuolo-el-gobierno-profundiza-los-cambios-en-la-andis\/","title":{"rendered":"En medio del esc\u00e1ndalo de los audios de Spagnuolo, el Gobierno profundiza los cambios en la ANDIS"},"content":{"rendered":"\n<p>Gianfranco Scigliano fue designado como nuevo subdirector ejecutivo de la Andis, mientras avanza la investigaci\u00f3n por las presuntas coimas en el organismo.<\/p>\n\n\n\n<p>Mientras avanza\u00a0<strong>la investigaci\u00f3n por\u00a0los audios del extitular de la Agencia de Discapacidad\u00a0<\/strong>(Andis), Diego Spagnuolo, el Gobierno oficializ\u00f3 las\u00a0<strong>nuevas designaciones en el organismo.<\/strong><\/p>\n\n\n\n<p>De esta manera, a trav\u00e9s del Decreto 666\/2025 publicado en el Bolet\u00edn Oficial, se estableci\u00f3 como&nbsp;<strong>nuevo subdirector ejecutivo de la Andis a Gianfranco Scigliano.<\/strong><\/p>\n\n\n\n<p>El nombramiento, firmado por el presidente Javier Milei y el ministro de Salud, Mario Lugones, tiene fecha de vigencia a partir del mi\u00e9rcoles pasado, pero se public\u00f3 reci\u00e9n esta madrugada.<\/p>\n\n\n\n<p>En los considerandos, se menciona la&nbsp;<strong>intervenci\u00f3n&nbsp;<\/strong>dispuesta a trav\u00e9s del decreto 601\/2025, emitido el 21 de agosto, que especific\u00f3 que la Andis<strong>&nbsp;permanecer\u00e1 intervenida por un plano inicial de 180<\/strong>&nbsp;d\u00edas bajo la \u00f3rbita de Alejandro Vilches, quien dej\u00f3 su cargo anterior como secretario de Gesti\u00f3n Sanitaria.<\/p>\n\n\n\n<p>Scigliano dirige el \u00e1rea de Desarrollo Local en la Fundaci\u00f3n Poliedro y el \u00e1rea de Pol\u00edticas P\u00fablicas en el Observatorio Esteban Echeverr\u00eda.<\/p>\n\n\n\n<figure class=\"wp-block-image\"><img decoding=\"async\" src=\"https:\/\/tn.com.ar\/resizer\/v2\/diego-spagnuolo-el-extitular-de-la-agencia-nacional-de-discapacidad-investigado-tras-el-escandalo-de-los-audios-foto-andis-OPV2MDIHINFJNN6KWQS4TRANJ4.jpg?auth=08db8fe7aa5dfa91df22a7d833a507e7856956d9de9d8629b24b2ce2e0f4c51d&amp;width=767\" alt=\"Diego Spagnuolo el extitular de la Agencia Nacional de Discapacidad, investigado tras el esc\u00e1ndalo de los audios. (Foto: ANDIS)\"\/><\/figure>\n\n\n\n<p>Es licenciado en Ciencia Pol\u00edtica por la Universidad de Buenos Aires, donde tambi\u00e9n curs\u00f3 la Especializaci\u00f3n en Estudios Pol\u00edticos. Actualmente, realiza la maestr\u00eda en Administraci\u00f3n Aplicada en la Escuela de Negocios de la UNLZ.<\/p>\n\n\n\n<p>Seg\u00fan detalla en sus perfiles profesionales,&nbsp;<strong>desde los 18 a\u00f1os ocupa cargos en el sector p\u00fablico<\/strong>: fue director nacional de Articulaci\u00f3n y Seguimiento de Pol\u00edticas P\u00fablicas en el Ministerio de Salud de la Naci\u00f3n Argentina; tambi\u00e9n trabaj\u00f3 en el Municipio de Esteban Echeverr\u00eda, en la Subsecretar\u00eda de Tierras y Acceso Justo al H\u00e1bitat del Gobierno de la Provincia de Buenos Aires, y como docente a cargo de la c\u00e1tedra de Mediaci\u00f3n Pol\u00edtica en el Instituto Provincial de la Administraci\u00f3n P\u00fablica (IPAP) de Buenos Aires.<\/p>\n\n\n\n<p>Se define como un&nbsp;<strong>\u201capasionado por la gesti\u00f3n p\u00fablica,<\/strong>&nbsp;el desarrollo territorial y la articulaci\u00f3n de pol\u00edticas basadas en evidencia\u201d.<\/p>\n\n\n\n<h2 class=\"wp-block-heading\">C\u00f3mo avanza la causa por los audios de Spagnuolo<\/h2>\n\n\n\n<p>La Polic\u00eda realiz\u00f3&nbsp;<strong>tres operativos<\/strong>&nbsp;en simult\u00e1neo este viernes por la tarde para obtener informaci\u00f3n sobre&nbsp;<strong>Diego Spagnuolo<\/strong>, que en una serie de audios denunci\u00f3 supuestos hechos de corrupci\u00f3n cuando estaba a cargo de la Agencia de Discapacidad.<\/p>\n\n\n\n<p>En el medio de la operaci\u00f3n,&nbsp;<strong>renunciaron los dos abogados del extitular de la Andis&nbsp;<\/strong>\u201cpor motivos personales\u201d. Se trata de Juan Ar\u00e1oz de Lamadrid e Ignacio Rada Schultze.<\/p>\n\n\n\n<p>Los efectivos estuvieron en el country de&nbsp;<strong>Pilar<\/strong>&nbsp;donde vive Spagnuolo, en otro ubicado&nbsp;<strong>Berazategui&nbsp;<\/strong>y tambi\u00e9n en una sucursal del Banco Franc\u00e9s en el barrio porte\u00f1o de Almagro, donde el exfuncionario posee una caja de seguridad. El objetivo fue secuestrar dispositivos electr\u00f3nicos, dinero, documentos e informaci\u00f3n de inter\u00e9s para la investigaci\u00f3n.<\/p>\n\n\n\n<p>En la caja de seguridad bancaria no encontraron documentaci\u00f3n, pero s\u00ed dinero:\u00a0<strong>80 mil d\u00f3lares y 2000 euros<\/strong>.\u00a0Ahora buscar\u00e1n comprobar si est\u00e1n declarados.<\/p>\n\n\n\n<p>Los pedidos de allanamientos fueron solicitados por el fiscal Franco Picardi y autorizados por el juez&nbsp;<strong>Sebasti\u00e1n Casanello<\/strong>. Uno de los procedimientos se da en el country<strong>&nbsp;Altos de Campo Grande<\/strong>, donde vive Spagnuolo. El otro barrio es&nbsp;<strong>El Pato Country Club<\/strong>, en el sur del Gran Buenos Aires.<\/p>\n\n\n\n<p>Seg\u00fan pudo saber\u00a0, los efectivos de la Polic\u00eda solicitaron a las autoridades y\/o personal de las garitas de seguridad que entreguen la n\u00f3mina de personas y sus respectivos datos personales, as\u00ed como el listado de los veh\u00edculos que ingresaron a los referidos barrios privados, desde el 1 de enero del 2024 al d\u00eda de la fecha, en car\u00e1cter de \u201cvisitas\u201d del domicilio de Spagnuolo y de\u00a0<strong>Daniel Garbellini<\/strong>, tambi\u00e9n exfuncionario de ANDIS.<\/p>\n\n\n\n<p><\/p>\n","protected":false},"excerpt":{"rendered":"<p>Gianfranco Scigliano fue designado como nuevo subdirector ejecutivo de la Andis, mientras avanza la investigaci\u00f3n por las presuntas coimas en el organismo. Mientras avanza\u00a0la investigaci\u00f3n por\u00a0los audios del extitular de&hellip; <\/p>\n","protected":false},"author":8,"featured_media":227029,"comment_status":"closed","ping_status":"open","sticky":false,"template":"","format":"standard","meta":{"footnotes":""},"categories":[3],"tags":[],"class_list":["post-227028","post","type-post","status-publish","format-standard","has-post-thumbnail","hentry","category-politica"],"_links":{"self":[{"href":"https:\/\/corrientesdetarde.com\/index.php\/wp-json\/wp\/v2\/posts\/227028","targetHints":{"allow":["GET"]}}],"collection":[{"href":"https:\/\/corrientesdetarde.com\/index.php\/wp-json\/wp\/v2\/posts"}],"about":[{"href":"https:\/\/corrientesdetarde.com\/index.php\/wp-json\/wp\/v2\/types\/post"}],"author":[{"embeddable":true,"href":"https:\/\/corrientesdetarde.com\/index.php\/wp-json\/wp\/v2\/users\/8"}],"replies":[{"embeddable":true,"href":"https:\/\/corrientesdetarde.com\/index.php\/wp-json\/wp\/v2\/comments?post=227028"}],"version-history":[{"count":1,"href":"https:\/\/corrientesdetarde.com\/index.php\/wp-json\/wp\/v2\/posts\/227028\/revisions"}],"predecessor-version":[{"id":227030,"href":"https:\/\/corrientesdetarde.com\/index.php\/wp-json\/wp\/v2\/posts\/227028\/revisions\/227030"}],"wp:featuredmedia":[{"embeddable":true,"href":"https:\/\/corrientesdetarde.com\/index.php\/wp-json\/wp\/v2\/media\/227029"}],"wp:attachment":[{"href":"https:\/\/corrientesdetarde.com\/index.php\/wp-json\/wp\/v2\/media?parent=227028"}],"wp:term":[{"taxonomy":"category","embeddable":true,"href":"https:\/\/corrientesdetarde.com\/index.php\/wp-json\/wp\/v2\/categories?post=227028"},{"taxonomy":"post_tag","embeddable":true,"href":"https:\/\/corrientesdetarde.com\/index.php\/wp-json\/wp\/v2\/tags?post=227028"}],"curies":[{"name":"wp","href":"https:\/\/api.w.org\/{rel}","templated":true}]}}