{"id":227082,"date":"2025-09-15T23:33:41","date_gmt":"2025-09-16T02:33:41","guid":{"rendered":"https:\/\/corrientesdetarde.com\/?p=227082"},"modified":"2025-09-15T23:33:53","modified_gmt":"2025-09-16T02:33:53","slug":"lanus-recibira-a-fluminense-por-la-sudamericana-con-el-sueno-de-otra-semifinal","status":"publish","type":"post","link":"https:\/\/corrientesdetarde.com\/index.php\/deportes\/lanus-recibira-a-fluminense-por-la-sudamericana-con-el-sueno-de-otra-semifinal\/","title":{"rendered":"Lan\u00fas recibir\u00e1 a Fluminense por la Sudamericana con el sue\u00f1o de otra semifinal"},"content":{"rendered":"\n<p>El Granate enfrenta al conjunto brasile\u00f1o en La Fortaleza por la ida de los cuartos de final. A pesar de sus bajas por lesi\u00f3n, buscar\u00e1 sacar ventaja como local ante un rival de presente irregular.<\/p>\n\n\n\n<p>Lan\u00fas ser\u00e1 local este martes 16 a las 21.30 en La Fortaleza, donde enfrentar\u00e1 a Fluminense por el partido de ida de los cuartos de final de la Copa Sudamericana 2025. El Granate, \u00fanico equipo argentino que sigue en carrera, buscar\u00e1 dar el primer paso en una serie exigente frente a un rival de jerarqu\u00eda, aunque de rendimiento irregular en el \u00faltimo tiempo.<\/p>\n\n\n\n<p>El equipo de Mauricio Pellegrino llega con un impulso an\u00edmico tras vencer por la m\u00ednima a Independiente Rivadavia en la Liga Profesional, una victoria que sirvi\u00f3 para aliviar la tensi\u00f3n luego de la dura ca\u00edda ante V\u00e9lez y la reciente eliminaci\u00f3n en Copa Argentina. Sin embargo, el panorama no es del todo favorable, ya que Ronaldo Dejes\u00fas, Felipe Pe\u00f1a Biafore, Franco Watson, Ramiro Carrera y Juan Ram\u00edrez est\u00e1n descartados por distintas molestias f\u00edsicas.<\/p>\n\n\n\n<p>Fluminense, en tanto, no atraviesa su mejor momento en el Brasileirao, donde se ubica en la mitad de la tabla y suma apenas un triunfo en sus \u00faltimos cinco encuentros. A pesar de esto, el equipo de Renato Portaluppi se mantiene competitivo: alcanz\u00f3 las semifinales de la Copa de Brasil y viene de dejar en el camino a Am\u00e9rica de Cali en octavos de final, con un global de 4-1.&nbsp;<\/p>\n\n\n\n<p>Tanto Pellegrino como Portaluppi a\u00fan no confirmaron las formaciones iniciales, que se definir\u00e1n en las horas previas al encuentro.<\/p>\n","protected":false},"excerpt":{"rendered":"<p>El Granate enfrenta al conjunto brasile\u00f1o en La Fortaleza por la ida de los cuartos de final. A pesar de sus bajas por lesi\u00f3n, buscar\u00e1 sacar ventaja como local ante&hellip; <\/p>\n","protected":false},"author":4,"featured_media":227098,"comment_status":"closed","ping_status":"open","sticky":false,"template":"","format":"standard","meta":{"footnotes":""},"categories":[4],"tags":[],"class_list":["post-227082","post","type-post","status-publish","format-standard","has-post-thumbnail","hentry","category-deportes"],"_links":{"self":[{"href":"https:\/\/corrientesdetarde.com\/index.php\/wp-json\/wp\/v2\/posts\/227082","targetHints":{"allow":["GET"]}}],"collection":[{"href":"https:\/\/corrientesdetarde.com\/index.php\/wp-json\/wp\/v2\/posts"}],"about":[{"href":"https:\/\/corrientesdetarde.com\/index.php\/wp-json\/wp\/v2\/types\/post"}],"author":[{"embeddable":true,"href":"https:\/\/corrientesdetarde.com\/index.php\/wp-json\/wp\/v2\/users\/4"}],"replies":[{"embeddable":true,"href":"https:\/\/corrientesdetarde.com\/index.php\/wp-json\/wp\/v2\/comments?post=227082"}],"version-history":[{"count":1,"href":"https:\/\/corrientesdetarde.com\/index.php\/wp-json\/wp\/v2\/posts\/227082\/revisions"}],"predecessor-version":[{"id":227099,"href":"https:\/\/corrientesdetarde.com\/index.php\/wp-json\/wp\/v2\/posts\/227082\/revisions\/227099"}],"wp:featuredmedia":[{"embeddable":true,"href":"https:\/\/corrientesdetarde.com\/index.php\/wp-json\/wp\/v2\/media\/227098"}],"wp:attachment":[{"href":"https:\/\/corrientesdetarde.com\/index.php\/wp-json\/wp\/v2\/media?parent=227082"}],"wp:term":[{"taxonomy":"category","embeddable":true,"href":"https:\/\/corrientesdetarde.com\/index.php\/wp-json\/wp\/v2\/categories?post=227082"},{"taxonomy":"post_tag","embeddable":true,"href":"https:\/\/corrientesdetarde.com\/index.php\/wp-json\/wp\/v2\/tags?post=227082"}],"curies":[{"name":"wp","href":"https:\/\/api.w.org\/{rel}","templated":true}]}}