{"id":227083,"date":"2025-09-15T23:15:37","date_gmt":"2025-09-16T02:15:37","guid":{"rendered":"https:\/\/corrientesdetarde.com\/?p=227083"},"modified":"2025-09-15T23:15:45","modified_gmt":"2025-09-16T02:15:45","slug":"equilibrio-fiscal-y-mas-gasto-en-salud-y-jubilaciones-cuales-fueron-las-claves-economicas-del-discurso-de-milei","status":"publish","type":"post","link":"https:\/\/corrientesdetarde.com\/index.php\/politica\/equilibrio-fiscal-y-mas-gasto-en-salud-y-jubilaciones-cuales-fueron-las-claves-economicas-del-discurso-de-milei\/","title":{"rendered":"Equilibrio fiscal y m\u00e1s gasto en salud y jubilaciones: cu\u00e1les fueron las claves econ\u00f3micas del discurso de Milei"},"content":{"rendered":"\n<p>Para 2026 aumentar\u00e1n las partidas presupuestarias englobadas en el \u00e1rea de Capital Humano y se impedir\u00e1 que el BCRA financie al Tesoro, seg\u00fan se\u00f1al\u00f3 el Presidente a trav\u00e9s de un mensaje transmitido por cadena nacional.<\/p>\n\n\n\n<p>El sostenimiento del equilibrio en las cuentas fiscales y un incremento en el gasto destinado a fines sociales como salud, jubilaciones, discapacidad y educaci\u00f3n, fueron los principales ejes econ\u00f3micos del discurso con el que el Presidente Javier Milei present\u00f3 el proyecto de ley de Presupuesto para 2026. El mandatario difundi\u00f3 su mensaje a trav\u00e9s de la cadena nacional en la noche del lunes.<\/p>\n\n\n\n<p>En primer lugar, tal como lo hizo desde el comienzo de su gesti\u00f3n, Milei destac\u00f3 que en 2026 se garantizar\u00e1 el equilibrio fiscal (&#8220;la piedra angular de nuestro plan de gobierno&#8221;) y puntualiz\u00f3 que se tomar\u00e1n medidas para impedir que el Tesoro se financie a trav\u00e9s del Banco Central.<\/p>\n\n\n\n<p>&nbsp;<br>&#8220;Ning\u00fan pa\u00eds del mundo funciona sin un presupuesto equilibrado, por eso los pol\u00edticos encuentran consensos y acuerdos para sancionar la ley de leyes. Entendemos que el equilibrio fiscal parezca un mero capricho pero no es ni m\u00e1s ni menos que la soluci\u00f3n definitiva a los problemas que aquejan a la Argentina&#8221;, dijo Milei.<\/p>\n\n\n\n<p>En paralelo a esa regla fiscal, Milei detall\u00f3 los principales incrementos de las partidas presupuestarias agrupadas bajo el paraguas del \u00e1rea de Capital Humano. Esos gastos tendr\u00e1n el a\u00f1o pr\u00f3ximo un aumento en t\u00e9rminos reales, es decir, descontado el efecto de la inflaci\u00f3n.<\/p>\n\n\n\n<p>&nbsp;<br>En ese plano, anunci\u00f3 un aumento del 5% en la partida en jubilaciones, del 17% en la de salud y del 8% en educaci\u00f3n. Tambi\u00e9n se prev\u00e9 una suba real del 5% del monto recibido por cada beneficiarios de pensiones por discapacidad, un tema en pleno debate tras la sanci\u00f3n de la emergencia en la materia del Congreso, el veto del Ejecutivo y la reversi\u00f3n parlamentaria de ese veto. Adem\u00e1s, aumentar\u00e1 en 4,8 billones de pesos la partida para universidades nacionales.<\/p>\n\n\n\n<p>De esa forma, el 85% del presupuesto nacional estar\u00e1 destinado a Educaci\u00f3n, Salud y jubilaciones, en virtud de que &#8220;la prioridad del Gobierno es el Capital Humano&#8221;, dijo Milei.<\/p>\n\n\n\n<p>En su discurso, el Presidente afirm\u00f3 que solamente por haber alcanzado el super\u00e1vit fiscal, la Argentina alcanzar\u00eda una base de crecimiento del 5% anual. &#8220;Si al super\u00e1vit se le suman reformas que queremos llevar adelante, podr\u00edamos hablar de un crecimiento del 7% u 8% anual de manera sostenida. Crecer a estas tasas implica parecerse a pa\u00edses de altos ingresos en 10 a\u00f1os, en 20 a\u00f1os estar\u00edamos entre los pa\u00edses m\u00e1s ricos del mundo y en 30 a\u00f1os estar\u00edamos en el podio de las tres potencias mundiales&#8221;, destac\u00f3.<\/p>\n\n\n\n<p>En otro pasaje de su discurso, Milei se dirigi\u00f3 especialmente a las empresas y a la necesidad de que la Argentina reciba m\u00e1s inversiones por parte del sector privado.<\/p>\n\n\n\n<p>&#8220;Es hora de asumir que si queremos que haya m\u00e1s empresas invirtiendo, tenemos que dejar de ver a los empresarios como enemigos p\u00fablicos. Y eso es lo que sucede cuando se les suben sistem\u00e1ticamente los impuestos, se torpedea el equilibrio fiscal haciendo subir el riesgo pa\u00eds, se vulnera el derecho de propiedad y se les cambian las reglas del juego sobre la marcha como hemos hecho durante tantas d\u00e9cadas&#8221;, afirm\u00f3 Milei.<\/p>\n\n\n\n<p>Tambi\u00e9n volvi\u00f3 sobre la idea del excesivo castigo para los contribuyentes: &#8220;Insistiremos en restituir la tan bastardeada presunci\u00f3n de inocencia fiscal&#8221;. Para lograr ese objetivo, el gobierno apuntar\u00e1 a la creaci\u00f3n de &#8220;un r\u00e9gimen simplificado de declaraci\u00f3n jurada de Ganancias. Se acab\u00f3 esa absurda idea de que el Estado considere a todos sus ciudadanos como criminales de manera preventiva&#8221;.<\/p>\n\n\n\n<p>Con respecto a la obra p\u00fablica, pr\u00e1cticamente detenida durante la actual administraci\u00f3n, Milei se\u00f1al\u00f3 que &#8220;el super\u00e1vit nos permitir\u00e1 otorgar financiamiento al Tesoro para aquellos actores del sector privado que quieran invertir en el pa\u00eds en las grandes concesiones que vamos a llevar adelante&#8221;.<\/p>\n\n\n\n<p>&#8220;Por primera vez en d\u00e9cadas, en vez de que el sector privado financie al sector p\u00fablico, este super\u00e1vit primario permitir\u00e1 al sector p\u00fablico financiar al sector privado para que desarrolle obras fundamentales que hacen a la infraestructura y log\u00edstica del pa\u00eds&#8221;, agreg\u00f3.<\/p>\n","protected":false},"excerpt":{"rendered":"<p>Para 2026 aumentar\u00e1n las partidas presupuestarias englobadas en el \u00e1rea de Capital Humano y se impedir\u00e1 que el BCRA financie al Tesoro, seg\u00fan se\u00f1al\u00f3 el Presidente a trav\u00e9s de un&hellip; <\/p>\n","protected":false},"author":4,"featured_media":227084,"comment_status":"closed","ping_status":"open","sticky":false,"template":"","format":"standard","meta":{"footnotes":""},"categories":[3],"tags":[],"class_list":["post-227083","post","type-post","status-publish","format-standard","has-post-thumbnail","hentry","category-politica"],"_links":{"self":[{"href":"https:\/\/corrientesdetarde.com\/index.php\/wp-json\/wp\/v2\/posts\/227083","targetHints":{"allow":["GET"]}}],"collection":[{"href":"https:\/\/corrientesdetarde.com\/index.php\/wp-json\/wp\/v2\/posts"}],"about":[{"href":"https:\/\/corrientesdetarde.com\/index.php\/wp-json\/wp\/v2\/types\/post"}],"author":[{"embeddable":true,"href":"https:\/\/corrientesdetarde.com\/index.php\/wp-json\/wp\/v2\/users\/4"}],"replies":[{"embeddable":true,"href":"https:\/\/corrientesdetarde.com\/index.php\/wp-json\/wp\/v2\/comments?post=227083"}],"version-history":[{"count":1,"href":"https:\/\/corrientesdetarde.com\/index.php\/wp-json\/wp\/v2\/posts\/227083\/revisions"}],"predecessor-version":[{"id":227085,"href":"https:\/\/corrientesdetarde.com\/index.php\/wp-json\/wp\/v2\/posts\/227083\/revisions\/227085"}],"wp:featuredmedia":[{"embeddable":true,"href":"https:\/\/corrientesdetarde.com\/index.php\/wp-json\/wp\/v2\/media\/227084"}],"wp:attachment":[{"href":"https:\/\/corrientesdetarde.com\/index.php\/wp-json\/wp\/v2\/media?parent=227083"}],"wp:term":[{"taxonomy":"category","embeddable":true,"href":"https:\/\/corrientesdetarde.com\/index.php\/wp-json\/wp\/v2\/categories?post=227083"},{"taxonomy":"post_tag","embeddable":true,"href":"https:\/\/corrientesdetarde.com\/index.php\/wp-json\/wp\/v2\/tags?post=227083"}],"curies":[{"name":"wp","href":"https:\/\/api.w.org\/{rel}","templated":true}]}}