{"id":227089,"date":"2025-09-15T23:19:24","date_gmt":"2025-09-16T02:19:24","guid":{"rendered":"https:\/\/corrientesdetarde.com\/?p=227089"},"modified":"2025-09-15T23:19:31","modified_gmt":"2025-09-16T02:19:31","slug":"el-gobierno-proyecta-una-inflacion-entre-10-y-14-para-2026","status":"publish","type":"post","link":"https:\/\/corrientesdetarde.com\/index.php\/politica\/el-gobierno-proyecta-una-inflacion-entre-10-y-14-para-2026\/","title":{"rendered":"El Gobierno proyecta una inflaci\u00f3n entre 10% y 14% para 2026"},"content":{"rendered":"\n<p>Javier Milei dar\u00e1 a conocer en cadena nacional los detalles del proyecto de la ley de gastos e ingresos. Se estima que se desacelere el \u00edndice de precios y que la econom\u00eda crezca 4,5%.<\/p>\n\n\n\n<p>Este lunes a las 21, Javier Milei dar\u00e1 a conocer el Presupuesto 2026 a trav\u00e9s de una cadena nacional. El mensaje se centrar\u00e1 en el equilibrio fiscal, una de las principales banderas de la gesti\u00f3n de La Libertad Avanza.<\/p>\n\n\n\n<p>A pesar de que a\u00fan se desconoce el contenido del documento completo, TN pudo saber que el Presidente plantear\u00e1 que la inflaci\u00f3n para el 2026 se ubicar\u00e1 entre 10% y 14%. Tambi\u00e9n proyectar\u00e1 un crecimiento de 4,5% del PBI.<\/p>\n\n\n\n<p>Seg\u00fan fuentes oficiales, Javier Milei evitar\u00e1 dar detalles a cuestiones relacionadas con el d\u00f3lar. En Balcarce 50 tambi\u00e9n aseguraron que &#8220;no tocar\u00e1 la pol\u00edtica cambiaria ni monetaria&#8221;.<\/p>\n\n\n\n<p>Adem\u00e1s, se descarta que el jefe de Estado aumente partidas para favorecer sectores sensibles como lo son el de discapacidad, las universidades o el Garrahan.<\/p>\n\n\n\n<p>Otra de las pistas que existe sobre el Presupuesto se encuentra en el staff report del FMI. Las metas del Fondo Monetario Internacional prev\u00e9n pasar de un super\u00e1vit primario de 1,6% del PBI en 2025 a uno de 2,2% del PBI el a\u00f1o que viene.<\/p>\n\n\n\n<p>Al mediod\u00eda, Javier Milei no hab\u00eda terminado de redactar el discurso para la presentaci\u00f3n, que comenz\u00f3 a trabajarlo este fin de semana en la Quinta de Olivos.<\/p>\n\n\n\n<p>La Argentina no tuvo Presupuesto en 2024 ni en 2025. El oficialismo, como las provincias, esperan que este a\u00f1o finalmente se pueda aprobar el documento.<\/p>\n\n\n\n<p><strong>Los dos proyectos que Milei quiere incluir en el Presupuesto 2026<\/strong><\/p>\n\n\n\n<p>En la cadena nacional tambi\u00e9n se aguarda por el anuncio de penalizaci\u00f3n de presupuestos con d\u00e9ficit y de leyes que no detallen de d\u00f3nde se van a financiar. Es una de las medidas que el jefe de Estado busca impulsar desde hace varios meses.<\/p>\n\n\n\n<p>Adem\u00e1s, frente a las exigencias de los gobernadores, la Casa Rosada estudia incluir en el proyecto el plan para promover el uso de &#8220;los d\u00f3lares en el colch\u00f3n&#8221; que anunci\u00f3 en mayo.<\/p>\n\n\n\n<p>En la sede de Gobierno creen que es una iniciativa que puede ser de utilidad para las provincias, sobre todo para la recaudaci\u00f3n y el consumo.<\/p>\n\n\n\n<p>El proyecto propone elevar de $1.500.000 a $100.000.000 el monto a partir del cual la evasi\u00f3n tributaria se considera delito y busca mantener las penas de dos a seis a\u00f1os para las personas que evadan el pago de tributos en esos t\u00e9rminos.<\/p>\n\n\n\n<p>La gesti\u00f3n libertaria ya firm\u00f3 con 13 mandatarios provinciales la adhesi\u00f3n al nuevo r\u00e9gimen de informaci\u00f3n fiscal y busca negociar los votos con los legisladores que responden a ellos. Se trata de Alberto Weretilneck (R\u00edo Negro), Rolando Figueroa (Neuqu\u00e9n), Marcelo Orrego (San Juan), Leandro Zdero (Chaco), Claudio Poggi (San Luis), Carlos Sadir (Jujuy), Gustavo Saenz (Salta), Hugo Passalacqua (Misiones) y Gustavo Vald\u00e9s (Corrientes).<\/p>\n","protected":false},"excerpt":{"rendered":"<p>Javier Milei dar\u00e1 a conocer en cadena nacional los detalles del proyecto de la ley de gastos e ingresos. Se estima que se desacelere el \u00edndice de precios y que&hellip; <\/p>\n","protected":false},"author":4,"featured_media":227090,"comment_status":"closed","ping_status":"open","sticky":false,"template":"","format":"standard","meta":{"footnotes":""},"categories":[3],"tags":[],"class_list":["post-227089","post","type-post","status-publish","format-standard","has-post-thumbnail","hentry","category-politica"],"_links":{"self":[{"href":"https:\/\/corrientesdetarde.com\/index.php\/wp-json\/wp\/v2\/posts\/227089","targetHints":{"allow":["GET"]}}],"collection":[{"href":"https:\/\/corrientesdetarde.com\/index.php\/wp-json\/wp\/v2\/posts"}],"about":[{"href":"https:\/\/corrientesdetarde.com\/index.php\/wp-json\/wp\/v2\/types\/post"}],"author":[{"embeddable":true,"href":"https:\/\/corrientesdetarde.com\/index.php\/wp-json\/wp\/v2\/users\/4"}],"replies":[{"embeddable":true,"href":"https:\/\/corrientesdetarde.com\/index.php\/wp-json\/wp\/v2\/comments?post=227089"}],"version-history":[{"count":1,"href":"https:\/\/corrientesdetarde.com\/index.php\/wp-json\/wp\/v2\/posts\/227089\/revisions"}],"predecessor-version":[{"id":227091,"href":"https:\/\/corrientesdetarde.com\/index.php\/wp-json\/wp\/v2\/posts\/227089\/revisions\/227091"}],"wp:featuredmedia":[{"embeddable":true,"href":"https:\/\/corrientesdetarde.com\/index.php\/wp-json\/wp\/v2\/media\/227090"}],"wp:attachment":[{"href":"https:\/\/corrientesdetarde.com\/index.php\/wp-json\/wp\/v2\/media?parent=227089"}],"wp:term":[{"taxonomy":"category","embeddable":true,"href":"https:\/\/corrientesdetarde.com\/index.php\/wp-json\/wp\/v2\/categories?post=227089"},{"taxonomy":"post_tag","embeddable":true,"href":"https:\/\/corrientesdetarde.com\/index.php\/wp-json\/wp\/v2\/tags?post=227089"}],"curies":[{"name":"wp","href":"https:\/\/api.w.org\/{rel}","templated":true}]}}