{"id":227092,"date":"2025-09-15T23:21:01","date_gmt":"2025-09-16T02:21:01","guid":{"rendered":"https:\/\/corrientesdetarde.com\/?p=227092"},"modified":"2025-09-15T23:21:13","modified_gmt":"2025-09-16T02:21:13","slug":"trump-anuncio-que-tropas-de-ee-uu-atacaron-una-segunda-lancha-del-narcotrafico-frente-a-venezuela","status":"publish","type":"post","link":"https:\/\/corrientesdetarde.com\/index.php\/internacionales\/trump-anuncio-que-tropas-de-ee-uu-atacaron-una-segunda-lancha-del-narcotrafico-frente-a-venezuela\/","title":{"rendered":"Trump anunci\u00f3 que tropas de EE.UU. atacaron una segunda lancha del narcotr\u00e1fico frente a Venezuela"},"content":{"rendered":"\n<p>Dijo que tres terroristas murieron en la acci\u00f3n y no hubo bajas entre las fuerzas estadounidenses.<\/p>\n\n\n\n<p>El presidente estadounidense, Donald Trump, anunci\u00f3 este lunes un nuevo ataque contra un supuesto objetivo del narcotr\u00e1fico frente a las costas de Venezuela.<\/p>\n\n\n\n<p>En un mensaje en su red Truth Social, dijo que en la acci\u00f3n murieron &#8220;tres terroristas&#8221; y no se reportaron heridos entre la fuerza desplegada en el Caribe sur.<\/p>\n\n\n\n<p>La acci\u00f3n se conoci\u00f3 poco despu\u00e9s que el presidente venezolano, Nicol\u00e1s Maduro, denunci\u00f3 este lunes que Washington preparaba &#8220;una agresi\u00f3n militar&#8221; contra su pa\u00eds.<\/p>\n\n\n\n<p>Este es el segundo objetivo que ataca Estados Unidos desde el despliegue de una flota frente a las costas de Venezuela para combatir al narcotr\u00e1fico. El 2 de septiembre hundi\u00f3 y mat\u00f3 a 11 personas que, seg\u00fan dijo Trump, transportaban drogas en una lancha r\u00e1pida.<\/p>\n\n\n\n<p>El segundo ataque se produce en medio del creciente enfrentamiento entre Estados Unidos y Venezuela a ra\u00edz del despliegue militar estadounidense en el mar Caribe con el argumento de combatir el narcotr\u00e1fico.<\/p>\n\n\n\n<p><strong>Qu\u00e9 dijo Donald Trump<\/strong><\/p>\n\n\n\n<p>En su mensaje, Trump dijo que los supuestos narcos estaban en aguas internacionales &#8220;transportando drogas ilegales&#8221;.<\/p>\n\n\n\n<p>&#8220;Esta ma\u00f1ana, bajo mis \u00f3rdenes, las Fuerzas Militares de EE.UU. llevaron a cabo un SEGUNDO Ataque Cin\u00e9tico contra c\u00e1rteles del narcotr\u00e1fico y narcoterroristas, identificados positivamente y extremadamente violentos, en el \u00e1rea de responsabilidad del Comando Sur&#8221;, afirm\u00f3.<\/p>\n\n\n\n<p>El presidente estadounidense, Donald Trump, despleg\u00f3 ocho buques militares y un submarino en el mar Caribe, bajo el argumento de combatir el narcotr\u00e1fico. El domingo llegaron al menos cinco aviones de combate F-35 de la Marina a Puerto Rico.<\/p>\n\n\n\n<p>Seg\u00fan Trump, &#8220;el ataque ocurri\u00f3 mientras estos narcoterroristas venezolanos, confirmados, se encontraban en aguas internacionales transportando narc\u00f3ticos ilegales (\u00a1UN ARMA MORTAL QUE ENVENENA A LOS ESTADOUNIDENSES!) con destino a EE UU&#8221;.<\/p>\n\n\n\n<p>&#8220;Estos c\u00e1rteles del narcotr\u00e1fico extremadamente violentos REPRESENTAN UNA AMENAZA para la Seguridad Nacional, la Pol\u00edtica Exterior y los intereses vitales de EE.UU. El ataque result\u00f3 en la muerte de tres terroristas varones en combate. Ning\u00fan miembro de las Fuerzas Armadas de EE.UU. result\u00f3 herido en este ataque&#8221;, indic\u00f3.<\/p>\n\n\n\n<p>Adem\u00e1s, advirti\u00f3: \u00a1CUIDADO! SI TRANSPORTA DROGAS QUE PUEDEN MATAR A ESTADOUNIDENSES, \u00a1LO ESTAMOS CAZANDO! Las actividades il\u00edcitas de estos c\u00e1rteles han tenido CONSECUENCIAS DEVASTADORAS EN LAS COMUNIDADES ESTADOUNIDENSES DURANTE D\u00c9CADAS, matando a millones de ciudadanos estadounidenses. NO M\u00c1S. \u00a1Gracias por su atenci\u00f3n!&#8221;.<\/p>\n\n\n\n<p>La Administraci\u00f3n de Trump acusa a Maduro de liderar el denominado Cartel de los Soles, algo que niega el Gobierno de Caracas, y ofreci\u00f3 una recompensa de 50 millones de d\u00f3lares por informaci\u00f3n que conduzca a la captura del mandatario venezolano.<\/p>\n\n\n\n<p>Maduro afirm\u00f3 este lunes que las comunicaciones con Estados Unidos est\u00e1n &#8220;deshechas&#8221; ante lo que considera una &#8220;agresi\u00f3n&#8221; del pa\u00eds norteamericano, y agreg\u00f3 que Venezuela est\u00e1 ahora &#8220;m\u00e1s preparada&#8221; si tocara una &#8220;lucha armada&#8221;.<\/p>\n","protected":false},"excerpt":{"rendered":"<p>Dijo que tres terroristas murieron en la acci\u00f3n y no hubo bajas entre las fuerzas estadounidenses. El presidente estadounidense, Donald Trump, anunci\u00f3 este lunes un nuevo ataque contra un supuesto&hellip; <\/p>\n","protected":false},"author":4,"featured_media":227093,"comment_status":"closed","ping_status":"open","sticky":false,"template":"","format":"standard","meta":{"footnotes":""},"categories":[11],"tags":[],"class_list":["post-227092","post","type-post","status-publish","format-standard","has-post-thumbnail","hentry","category-internacionales"],"_links":{"self":[{"href":"https:\/\/corrientesdetarde.com\/index.php\/wp-json\/wp\/v2\/posts\/227092","targetHints":{"allow":["GET"]}}],"collection":[{"href":"https:\/\/corrientesdetarde.com\/index.php\/wp-json\/wp\/v2\/posts"}],"about":[{"href":"https:\/\/corrientesdetarde.com\/index.php\/wp-json\/wp\/v2\/types\/post"}],"author":[{"embeddable":true,"href":"https:\/\/corrientesdetarde.com\/index.php\/wp-json\/wp\/v2\/users\/4"}],"replies":[{"embeddable":true,"href":"https:\/\/corrientesdetarde.com\/index.php\/wp-json\/wp\/v2\/comments?post=227092"}],"version-history":[{"count":1,"href":"https:\/\/corrientesdetarde.com\/index.php\/wp-json\/wp\/v2\/posts\/227092\/revisions"}],"predecessor-version":[{"id":227094,"href":"https:\/\/corrientesdetarde.com\/index.php\/wp-json\/wp\/v2\/posts\/227092\/revisions\/227094"}],"wp:featuredmedia":[{"embeddable":true,"href":"https:\/\/corrientesdetarde.com\/index.php\/wp-json\/wp\/v2\/media\/227093"}],"wp:attachment":[{"href":"https:\/\/corrientesdetarde.com\/index.php\/wp-json\/wp\/v2\/media?parent=227092"}],"wp:term":[{"taxonomy":"category","embeddable":true,"href":"https:\/\/corrientesdetarde.com\/index.php\/wp-json\/wp\/v2\/categories?post=227092"},{"taxonomy":"post_tag","embeddable":true,"href":"https:\/\/corrientesdetarde.com\/index.php\/wp-json\/wp\/v2\/tags?post=227092"}],"curies":[{"name":"wp","href":"https:\/\/api.w.org\/{rel}","templated":true}]}}