{"id":227101,"date":"2025-09-16T08:55:15","date_gmt":"2025-09-16T11:55:15","guid":{"rendered":"https:\/\/corrientesdetarde.com\/?p=227101"},"modified":"2025-09-16T08:55:18","modified_gmt":"2025-09-16T11:55:18","slug":"un-hombre-de-72-anos-ira-a-juicio-acusado-de-abusar-de-su-hija-de-11-anos","status":"publish","type":"post","link":"https:\/\/corrientesdetarde.com\/index.php\/locales\/un-hombre-de-72-anos-ira-a-juicio-acusado-de-abusar-de-su-hija-de-11-anos\/","title":{"rendered":"Un hombre de 72 a\u00f1os ir\u00e1 a juicio acusado de abusar de su hija de 11 a\u00f1os"},"content":{"rendered":"\n<p>Un hombre de 72 a\u00f1os llegar\u00e1 a juicio el lunes pr\u00f3ximo acusado de &#8220;abuso sexual gravemente ultrajante agravado&#8221;, en perjuicio de su hija de 11 a\u00f1os, quien le cont\u00f3 a la madre de una amiga de la escuela los constantes ataques que sufr\u00eda por parte del sujeto, con quien tuvo que ir a vivir tras ser abandonada por su madre. Desde la defensa del imputado aducen que hay serias fallas en la investigaci\u00f3n llevada adelante por el fiscal Sosa y cuestionan, algunos detalles de la C\u00e1mara Gesell donde aseguran que hubo contradicciones y con ser\u00eda concluyente.<\/p>\n\n\n\n<p>El caso, que se ventilar\u00e1 los d\u00edas 22 y 23 de septiembre en el Tribunal Oral Panal N\u00b01, ocurri\u00f3 en la casa del imputado desde el mes de noviembre y hasta la Navidad en diciembre de 2022, en el monoambiente que alquilaba, en el barrio 17 de Agosto de la capital correntina.<\/p>\n\n\n\n<p>Seg\u00fan la acusaci\u00f3n fiscal, el hombre aprovech\u00f3 la situaci\u00f3n de convivencia preexistente para efectuar tocamientos en las partes \u00edntimas de la ni\u00f1a, debajo de la ropa y cuando dorm\u00eda, seg\u00fan figura en el expediente elevado a juicio oral. Fueron al menos seis veces los ataques sufridos en la menor, todos de noche y amenazada.<\/p>\n\n\n\n<p>Pero el relato m\u00e1s duro realizado por la ni\u00f1a fue de la \u00faltima noche que sufri\u00f3 el abuso de su padre. Seg\u00fan la v\u00edctima, escuch\u00f3 cuando su padre entr\u00f3 a la \u00fanica habitaci\u00f3n que compart\u00edan, pero se hizo la dormida. \u00c9l comenz\u00f3 a manosearla y besarla en sus partes \u00edntimas y ella le dijo que no quer\u00eda que lo haga. Luego se desnud\u00f3 e hizo lo propio con la menor, quien segu\u00eda neg\u00e1ndose. Ante esa situaci\u00f3n, el sujeto la amenaz\u00f3 con dejarla en la calle junto a sus hermanas. Siempre seg\u00fan el relato que figura en el expediente, el hombre subi\u00f3 a la ni\u00f1a a su regazo y all\u00ed abus\u00f3 de ella, aunque no existi\u00f3 acceso carnal, seg\u00fan confirmaron los m\u00e9dicos que la examinaron.<\/p>\n\n\n\n<p>La menor le cont\u00f3 a una compa\u00f1erita de la escuela lo sucedido y ella a su madre, quien fue la que denunci\u00f3 el hecho.<\/p>\n\n\n\n<h2 class=\"wp-block-heading\">La defensa<\/h2>\n\n\n\n<p>El tiempo transcurrido entre la denuncia y las pericias m\u00e9dicas y a\u00fan peor la de C\u00e1mara Gesell que le realizaron a la v\u00edctima es lo que pone en tela de juicio el doctor abogado defensor Germ\u00e1n Andr\u00e9s Giles Schmidt. Resalt\u00f3 que &#8220;la causa es sumamente compleja. Hubo un sinn\u00famero de irregularidades, como por ejemplo haber hecho la pericia en C\u00e1mara Gesell poco m\u00e1s de siete meses despu\u00e9s de la denuncia, cuando se comprob\u00f3 que hubo contradicciones en el relato de la menor, quien habr\u00eda dicho que durante uno de los abusos hubo acceso carnal, pero uno de los peritos m\u00e9dicos asegura que la ni\u00f1a no fue violada&#8221;.<\/p>\n\n\n\n<p>El abogado tambi\u00e9n indic\u00f3, &#8220;que el informe de una de las psic\u00f3logas, como no lo pidieron la fiscal\u00eda y la querella, lo tuvimos que pedir nosotros en las preliminares, y en el mismo, la profesional dijo que el discurso de la ni\u00f1a no fue espont\u00e1neo. Todas estas cuestiones alimentan m\u00e1s dudas que certezas&#8221;.<\/p>\n\n\n\n<p>Para Giles Schmidt, el principio de celeridad en la investigaci\u00f3n no se cumpli\u00f3 cabalmente por parte de la fiscal\u00eda que incumpli\u00f3 con los protocolos que establece el nuevo c\u00f3digo de procedimientos procesales, que &#8220;deben llevarse a cabo a la mayor brevedad, ni bien se denuncia el delito&#8221;, enfatiz\u00f3.<\/p>\n\n\n\n<h2 class=\"wp-block-heading\">La acusaci\u00f3n<\/h2>\n\n\n\n<p>Por su parte, en su elevaci\u00f3n a juicio el fiscal Pablo Sosa sostuvo que &#8220;est\u00e1 verificada la credibilidad del testimonio de la v\u00edctima, toda vez que presenta un discurso claro y coherente, y al relatar los hechos de atentado sexual, articula conceptos de modo, tiempo y lugar, de forma adecuada y coherente a sus vivencias&#8221;. Adem\u00e1s y con referencia a los ataques sexuales, &#8220;la ni\u00f1a se expres\u00f3 con lenguaje rico, encontr\u00e1ndose triste, seria y angustiada&#8221;, dijo el fiscal.<\/p>\n\n\n\n<p>El sujeto denunciado fue acusado de &#8220;abuso sexual gravemente ultrajante; agravado por el v\u00ednculo y por ser cometido contra una menor de 18 a\u00f1os, aprovechando la situaci\u00f3n de convivencia preexistente con la misma, de car\u00e1cter continuado&#8221;.<\/p>\n","protected":false},"excerpt":{"rendered":"<p>Un hombre de 72 a\u00f1os llegar\u00e1 a juicio el lunes pr\u00f3ximo acusado de &#8220;abuso sexual gravemente ultrajante agravado&#8221;, en perjuicio de su hija de 11 a\u00f1os, quien le cont\u00f3 a&hellip; <\/p>\n","protected":false},"author":1,"featured_media":227104,"comment_status":"closed","ping_status":"open","sticky":false,"template":"","format":"standard","meta":{"footnotes":""},"categories":[8],"tags":[],"class_list":["post-227101","post","type-post","status-publish","format-standard","has-post-thumbnail","hentry","category-locales"],"_links":{"self":[{"href":"https:\/\/corrientesdetarde.com\/index.php\/wp-json\/wp\/v2\/posts\/227101","targetHints":{"allow":["GET"]}}],"collection":[{"href":"https:\/\/corrientesdetarde.com\/index.php\/wp-json\/wp\/v2\/posts"}],"about":[{"href":"https:\/\/corrientesdetarde.com\/index.php\/wp-json\/wp\/v2\/types\/post"}],"author":[{"embeddable":true,"href":"https:\/\/corrientesdetarde.com\/index.php\/wp-json\/wp\/v2\/users\/1"}],"replies":[{"embeddable":true,"href":"https:\/\/corrientesdetarde.com\/index.php\/wp-json\/wp\/v2\/comments?post=227101"}],"version-history":[{"count":1,"href":"https:\/\/corrientesdetarde.com\/index.php\/wp-json\/wp\/v2\/posts\/227101\/revisions"}],"predecessor-version":[{"id":227105,"href":"https:\/\/corrientesdetarde.com\/index.php\/wp-json\/wp\/v2\/posts\/227101\/revisions\/227105"}],"wp:featuredmedia":[{"embeddable":true,"href":"https:\/\/corrientesdetarde.com\/index.php\/wp-json\/wp\/v2\/media\/227104"}],"wp:attachment":[{"href":"https:\/\/corrientesdetarde.com\/index.php\/wp-json\/wp\/v2\/media?parent=227101"}],"wp:term":[{"taxonomy":"category","embeddable":true,"href":"https:\/\/corrientesdetarde.com\/index.php\/wp-json\/wp\/v2\/categories?post=227101"},{"taxonomy":"post_tag","embeddable":true,"href":"https:\/\/corrientesdetarde.com\/index.php\/wp-json\/wp\/v2\/tags?post=227101"}],"curies":[{"name":"wp","href":"https:\/\/api.w.org\/{rel}","templated":true}]}}