{"id":227102,"date":"2025-09-16T08:50:10","date_gmt":"2025-09-16T11:50:10","guid":{"rendered":"https:\/\/corrientesdetarde.com\/?p=227102"},"modified":"2025-09-16T08:50:23","modified_gmt":"2025-09-16T11:50:23","slug":"comenzo-el-pago-del-plus-de-refuerzo-a-estatales-provinciales","status":"publish","type":"post","link":"https:\/\/corrientesdetarde.com\/index.php\/actualidad\/comenzo-el-pago-del-plus-de-refuerzo-a-estatales-provinciales\/","title":{"rendered":"Comenz\u00f3 el pago del Plus de Refuerzo a estatales provinciales"},"content":{"rendered":"\n<p>El pago del Plus de Refuerzo del mes de septiembre para trabajadores provinciales activos y jubilados comenz\u00f3 a abonarse hoy y el pago se extender\u00e1 hasta el lunes 22.<\/p>\n\n\n\n<p>De acuerdo a lo habitual, se pagar\u00e1 por terminaci\u00f3n de DNI con el siguiente cronograma:<\/p>\n\n\n\n<p>Martes 16: 0 y 1; Mi\u00e9rcoles 17: 2 y 3; Jueves 18: 4 y 5; Viernes 19: 6 y 7; &nbsp;Lunes 22: 8 y 9. Este \u00faltimo tramo estar\u00e1 disponible por cajeros, el s\u00e1bado 20.<\/p>\n","protected":false},"excerpt":{"rendered":"<p>El pago del Plus de Refuerzo del mes de septiembre para trabajadores provinciales activos y jubilados comenz\u00f3 a abonarse hoy y el pago se extender\u00e1 hasta el lunes 22. De&hellip; <\/p>\n","protected":false},"author":1,"featured_media":180339,"comment_status":"closed","ping_status":"open","sticky":false,"template":"","format":"standard","meta":{"footnotes":""},"categories":[23],"tags":[],"class_list":["post-227102","post","type-post","status-publish","format-standard","has-post-thumbnail","hentry","category-actualidad"],"_links":{"self":[{"href":"https:\/\/corrientesdetarde.com\/index.php\/wp-json\/wp\/v2\/posts\/227102","targetHints":{"allow":["GET"]}}],"collection":[{"href":"https:\/\/corrientesdetarde.com\/index.php\/wp-json\/wp\/v2\/posts"}],"about":[{"href":"https:\/\/corrientesdetarde.com\/index.php\/wp-json\/wp\/v2\/types\/post"}],"author":[{"embeddable":true,"href":"https:\/\/corrientesdetarde.com\/index.php\/wp-json\/wp\/v2\/users\/1"}],"replies":[{"embeddable":true,"href":"https:\/\/corrientesdetarde.com\/index.php\/wp-json\/wp\/v2\/comments?post=227102"}],"version-history":[{"count":1,"href":"https:\/\/corrientesdetarde.com\/index.php\/wp-json\/wp\/v2\/posts\/227102\/revisions"}],"predecessor-version":[{"id":227103,"href":"https:\/\/corrientesdetarde.com\/index.php\/wp-json\/wp\/v2\/posts\/227102\/revisions\/227103"}],"wp:featuredmedia":[{"embeddable":true,"href":"https:\/\/corrientesdetarde.com\/index.php\/wp-json\/wp\/v2\/media\/180339"}],"wp:attachment":[{"href":"https:\/\/corrientesdetarde.com\/index.php\/wp-json\/wp\/v2\/media?parent=227102"}],"wp:term":[{"taxonomy":"category","embeddable":true,"href":"https:\/\/corrientesdetarde.com\/index.php\/wp-json\/wp\/v2\/categories?post=227102"},{"taxonomy":"post_tag","embeddable":true,"href":"https:\/\/corrientesdetarde.com\/index.php\/wp-json\/wp\/v2\/tags?post=227102"}],"curies":[{"name":"wp","href":"https:\/\/api.w.org\/{rel}","templated":true}]}}