{"id":22728,"date":"2022-11-25T10:59:09","date_gmt":"2022-11-25T13:59:09","guid":{"rendered":"https:\/\/corrientesdetarde.com\/?p=22728"},"modified":"2022-11-25T10:59:13","modified_gmt":"2022-11-25T13:59:13","slug":"para-massa-el-gobierno-perdera-las-elecciones-en-2023-si-no-bajan-la-inflacion","status":"publish","type":"post","link":"https:\/\/corrientesdetarde.com\/index.php\/nacionales\/para-massa-el-gobierno-perdera-las-elecciones-en-2023-si-no-bajan-la-inflacion\/","title":{"rendered":"Para Massa el Gobierno perder\u00e1 las elecciones en 2023 si no bajan la inflaci\u00f3n"},"content":{"rendered":"\n<p>El funcionario dijo adem\u00e1s que no cree en \u201crecetas m\u00e1gicas\u201d para\u00a0solucionar los problemas, sino que \u201crequiere esfuerzo y sacrificio\u201d.<\/p>\n\n\n\n<p>El ministro de Econom\u00eda,<strong>&nbsp;Sergio Massa<\/strong>, admiti\u00f3 que si el Gobierno no logra bajar la inflaci\u00f3n \u201d la incertidumbre no va a cesar\u201d y afirm\u00f3 sin vueltas:&nbsp;<strong>\u201cVamos a ganar la elecci\u00f3n si somos capaces de bajar la inflaci\u00f3n<\/strong>\u201c.<\/p>\n\n\n\n<p>El funcionario dijo adem\u00e1s que no cree en \u201crecetas m\u00e1gicas\u201d para&nbsp;solucionar los problemas, sino que \u201crequiere esfuerzo y sacrificio\u201d.<\/p>\n\n\n\n<p>Sobre el impacto de la inflaci\u00f3n en la intenci\u00f3n de voto de cara a 2023, Massa fue expl\u00edcito: \u201cVamos a ganar la elecci\u00f3n si somos capaces de bajar la inflaci\u00f3n y darle acceso al cr\u00e9dito a los ciudadanos. Si lo logramos, vamos a ser competitivos electoralmente\u201d.<\/p>\n\n\n\n<p>Luego, en el marco del Consejo Interamericano de Comercio y Producci\u00f3n (Cicyp), dijo que \u201clas elecciones no se ganan con expansi\u00f3n fiscal, esa idea, hoy, atrasa un poco\u201d.<\/p>\n\n\n\n<p>\u201c<strong>Si no bajamos la inflaci\u00f3n, la incertidumbre no va a cesar.&nbsp;<\/strong>El desaf\u00edo que tenemos es el de recorrer un camino de reducci\u00f3n de la inflaci\u00f3n. Soy de los que cree que los caminos se tienen que recorrer de manera met\u00f3dica, cumpliendo objetivos, siguiendo un orden, teniendo constancia y venciendo dificultades\u201d, remarc\u00f3 Massa.<\/p>\n\n\n\n<p>El titular del Palacio de Hacienda subray\u00f3: \u201cNo creo en la magia. Resolver problemas requiere esfuerzo y sacrificio, no requiere solamente soluciones m\u00e1gicas que aparecen en un d\u00eda como si fuera morfina, pero que empeora la condici\u00f3n del paciente\u201d.<\/p>\n\n\n\n<p>\u201cUno lee a veces recetas escritas en Power Point y cuando las traslada a la sociedad se encuentra con&nbsp;<strong>medidas que tiran a 7 millones de personas m\u00e1s a la pobreza&nbsp;<\/strong>o que plantean una<strong>&nbsp;p\u00e9rdida de valor del 70% de los activos&nbsp;<\/strong>que muchos de ustedes tienen. Digo esto para que tengamos cuidado, porque<strong>&nbsp;los que piden una devaluaci\u00f3n desesperados est\u00e1n destruyendo el valor de sus compa\u00f1\u00edas en d\u00f3lares<\/strong>, no solamente destruyen el ingreso de los argentinos\u201d, dispar\u00f3 el funcionario nacional.<\/p>\n\n\n\n<p>En ese contexto, el ministro de Econom\u00eda plante\u00f3 recorrer \u201cun camino de recuperaci\u00f3n de reservas, de aumento de las exportaciones, alineando incentivos, pero cuidando el valor y el ingreso de los argentinos\u201d.<\/p>\n\n\n\n<p>\u201cArgentina ya vivi\u00f3 muchas experiencias en las que nos dec\u00edan que con un chasquido de dedos se resolv\u00edan los problemas y se agravaron\u201d, alert\u00f3.<\/p>\n\n\n\n<p>En esa l\u00ednea, el ministro de Econom\u00eda anticip\u00f3: \u201cMe van a ver recorriendo un camino met\u00f3dico, determinado, un camino esquivando obst\u00e1culos o resolvi\u00e9ndolos, pero no facilismo\u201d.<\/p>\n\n\n\n<p>\u201cVamos a terminar el a\u00f1o cumpliendo el 2,5% de d\u00e9ficit fiscal que nos hab\u00edamos proyectado\u201d, destac\u00f3 Massa e indic\u00f3 que la Argentina \u201ccerrar\u00e1 en t\u00e9rminos de financiamiento el 2022 con cumplimiento del programa, sin necesidad de recurrir a asistencia del Tesoro adicional con emisi\u00f3n del Banco Central\u201d.<\/p>\n","protected":false},"excerpt":{"rendered":"<p>El funcionario dijo adem\u00e1s que no cree en \u201crecetas m\u00e1gicas\u201d para\u00a0solucionar los problemas, sino que \u201crequiere esfuerzo y sacrificio\u201d. El ministro de Econom\u00eda,&nbsp;Sergio Massa, admiti\u00f3 que si el Gobierno no&hellip; <\/p>\n","protected":false},"author":1,"featured_media":22729,"comment_status":"closed","ping_status":"open","sticky":false,"template":"","format":"standard","meta":{"footnotes":""},"categories":[10],"tags":[],"class_list":["post-22728","post","type-post","status-publish","format-standard","has-post-thumbnail","hentry","category-nacionales"],"_links":{"self":[{"href":"https:\/\/corrientesdetarde.com\/index.php\/wp-json\/wp\/v2\/posts\/22728","targetHints":{"allow":["GET"]}}],"collection":[{"href":"https:\/\/corrientesdetarde.com\/index.php\/wp-json\/wp\/v2\/posts"}],"about":[{"href":"https:\/\/corrientesdetarde.com\/index.php\/wp-json\/wp\/v2\/types\/post"}],"author":[{"embeddable":true,"href":"https:\/\/corrientesdetarde.com\/index.php\/wp-json\/wp\/v2\/users\/1"}],"replies":[{"embeddable":true,"href":"https:\/\/corrientesdetarde.com\/index.php\/wp-json\/wp\/v2\/comments?post=22728"}],"version-history":[{"count":1,"href":"https:\/\/corrientesdetarde.com\/index.php\/wp-json\/wp\/v2\/posts\/22728\/revisions"}],"predecessor-version":[{"id":22730,"href":"https:\/\/corrientesdetarde.com\/index.php\/wp-json\/wp\/v2\/posts\/22728\/revisions\/22730"}],"wp:featuredmedia":[{"embeddable":true,"href":"https:\/\/corrientesdetarde.com\/index.php\/wp-json\/wp\/v2\/media\/22729"}],"wp:attachment":[{"href":"https:\/\/corrientesdetarde.com\/index.php\/wp-json\/wp\/v2\/media?parent=22728"}],"wp:term":[{"taxonomy":"category","embeddable":true,"href":"https:\/\/corrientesdetarde.com\/index.php\/wp-json\/wp\/v2\/categories?post=22728"},{"taxonomy":"post_tag","embeddable":true,"href":"https:\/\/corrientesdetarde.com\/index.php\/wp-json\/wp\/v2\/tags?post=22728"}],"curies":[{"name":"wp","href":"https:\/\/api.w.org\/{rel}","templated":true}]}}