{"id":227323,"date":"2025-09-17T13:08:28","date_gmt":"2025-09-17T16:08:28","guid":{"rendered":"https:\/\/corrientesdetarde.com\/?p=227323"},"modified":"2025-09-17T13:08:41","modified_gmt":"2025-09-17T16:08:41","slug":"el-gobierno-da-por-perdida-la-votacion-de-los-vetos-en-el-congreso-y-planea-dilatar-la-aplicacion-de-las-leyes","status":"publish","type":"post","link":"https:\/\/corrientesdetarde.com\/index.php\/politica\/el-gobierno-da-por-perdida-la-votacion-de-los-vetos-en-el-congreso-y-planea-dilatar-la-aplicacion-de-las-leyes\/","title":{"rendered":"El Gobierno da por perdida la votaci\u00f3n de los vetos en el Congreso y planea dilatar la aplicaci\u00f3n de las leyes"},"content":{"rendered":"\n<p>En la Casa Rosada hicieron un \u00faltimo poroteo para ver si tienen los apoyos para frenar las leyes de financiamiento al Garrahan y las universidades. Afirman que el resultado es \u201cirremontable\u201d. \u201cEsperamos que sea una sesi\u00f3n r\u00e1pida y que no haya disturbios\u201d, expresan en Naci\u00f3n.<a href=\"https:\/\/tn.com.ar\/autor\/Isalerno\/\"><\/a><\/p>\n\n\n\n<p><strong>El\u00a0Gobierno\u00a0da por perdida la votaci\u00f3n de los\u00a0vetos\u00a0a las leyes de Emergencia Pedi\u00e1trica y de Financiamiento Universitario en el Congreso<\/strong>\u00a0y planea dilatar la aplicaci\u00f3n de las leyes. El Ejecutivo asegura que buscar\u00e1 postergar la erogaci\u00f3n de fondos que indican los documentos para el pr\u00f3ximo per\u00edodo presupuestario<\/p>\n\n\n\n<p>En la Casa Rosada&nbsp;<strong>califican de \u201cirremontable\u201d a la cantidad de votos en contra de los rechazos del presidente en la C\u00e1mara de Diputados<\/strong>&nbsp;-que tratar\u00e1 hoy ambas leyes- y descartan tener la posibilidad de frenarlo en el Senado. El oficialismo busca focalizar las negociaciones para sostener el veto a la ley que coparticipa los Aportes del Tesoro Nacional (ATN).<\/p>\n\n\n\n<p>\u201cEsperamos que sea una sesi\u00f3n r\u00e1pida y que no haya disturbios\u201d, expresan en Naci\u00f3n. Es por eso que&nbsp;<strong>el Ministerio de Seguridad instalar\u00e1 un vallado en las inmediaciones del Congreso<\/strong>&nbsp;y ubicar\u00e1 a los agentes federales detr\u00e1s de las vallas para evitar contactos con los manifestantes. No aplicar\u00e1n el operativo antipiquete y habilitar\u00e1n la circulaci\u00f3n por las calles.<\/p>\n\n\n\n<p>La mesa jur\u00eddica de Balcarce 50&nbsp;<strong>apunta a dilatar la aplicaci\u00f3n de las leyes de la misma forma que eval\u00faa hacerlo con la Ley de Emergencia en Discapacidad<\/strong>, que fue ratificada por el Congreso luego de su veto. El jefe de Estado habilit\u00f3 su promulgaci\u00f3n, pero orden\u00f3 que sus equipos busquen mecanismos para suspender la ejecuci\u00f3n de los fondos.<\/p>\n\n\n\n<figure class=\"wp-block-image\"><img decoding=\"async\" src=\"https:\/\/tn.com.ar\/resizer\/v2\/el-ministerio-de-seguridad-instalara-un-vallado-en-las-inmediaciones-del-congreso-y-ubicara-a-los-agentes-federales-detras-de-las-vallas-para-evitar-contactos-con-los-manifestantes-foto-reutersmariana-nedelcu-MGXJW5ECB3ACFVUGKSTGOGEVOA.jpg?auth=c98646a8d390feb458e70c2c80a13f93edf7df981ae4fcf34978341f7f12269e&amp;width=767\" alt=\"El Ministerio de Seguridad instalar\u00e1 un vallado en las inmediaciones del Congreso y ubicar\u00e1 a los agentes federales detr\u00e1s de las vallas para evitar contactos con los manifestantes (Foto: REUTERS\/Mariana Nedelcu).\"\/><\/figure>\n\n\n\n<p>La \u00fanica definici\u00f3n del Gobierno es que&nbsp;<strong>no har\u00e1 presentaciones judiciales para evitar la erogaci\u00f3n presupuestaria<\/strong>, sino que apuntar\u00e1 a que las denuncias las hagan particulares para intentar atomizar los procesos. \u201cSi la ley la promulgamos y no la aplicamos, lo m\u00e1s probable es que nos denuncien. El proceso no lo vamos a iniciar nosotros\u201d, expresan.<\/p>\n\n\n\n<p>El Ejecutivo apela<strong>&nbsp;al \u201cimpacto fiscal\u201d de las medidas y recurre al art\u00edculo 38 de la Ley Administraci\u00f3n Financiera<\/strong>&nbsp;y de los Sistemas de Control del Sector P\u00fablico Nacional, que establece que \u201ctoda ley que autorice gastos no previstos en el presupuesto general deber\u00e1 especificar las fuentes de los recursos a utilizar para su financiamiento\u201d.<\/p>\n\n\n\n<p>La Casa Rosada insiste adem\u00e1s en el argumento de<strong>&nbsp;que la Ley de Presupuesto General de la Administraci\u00f3n Nacional es la \u201cherramienta primordial para el ordenamiento<\/strong>&nbsp;y planificaci\u00f3n del accionar gubernamental\u201d e insiste en que es atribuci\u00f3n de Naci\u00f3n fijar el presupuesto general de gastos junto al c\u00e1lculo de recursos de la administraci\u00f3n.<\/p>\n\n\n\n<p>La mesa judicial de Balcarce 50<strong>&nbsp;est\u00e1 avanzando sobre jurisprudencia para respaldar los argumentos de la posici\u00f3n de Naci\u00f3n en los diferentes casos<\/strong>. La integran la secretaria de Legal y T\u00e9cnica, Mar\u00eda Ibarzabal, el viceministro de Justicia, Sebasti\u00e1n Amerio, y sus equipos de abogados administrativos.<\/p>\n","protected":false},"excerpt":{"rendered":"<p>En la Casa Rosada hicieron un \u00faltimo poroteo para ver si tienen los apoyos para frenar las leyes de financiamiento al Garrahan y las universidades. Afirman que el resultado es&hellip; <\/p>\n","protected":false},"author":8,"featured_media":227324,"comment_status":"closed","ping_status":"open","sticky":false,"template":"","format":"standard","meta":{"footnotes":""},"categories":[3],"tags":[],"class_list":["post-227323","post","type-post","status-publish","format-standard","has-post-thumbnail","hentry","category-politica"],"_links":{"self":[{"href":"https:\/\/corrientesdetarde.com\/index.php\/wp-json\/wp\/v2\/posts\/227323","targetHints":{"allow":["GET"]}}],"collection":[{"href":"https:\/\/corrientesdetarde.com\/index.php\/wp-json\/wp\/v2\/posts"}],"about":[{"href":"https:\/\/corrientesdetarde.com\/index.php\/wp-json\/wp\/v2\/types\/post"}],"author":[{"embeddable":true,"href":"https:\/\/corrientesdetarde.com\/index.php\/wp-json\/wp\/v2\/users\/8"}],"replies":[{"embeddable":true,"href":"https:\/\/corrientesdetarde.com\/index.php\/wp-json\/wp\/v2\/comments?post=227323"}],"version-history":[{"count":1,"href":"https:\/\/corrientesdetarde.com\/index.php\/wp-json\/wp\/v2\/posts\/227323\/revisions"}],"predecessor-version":[{"id":227325,"href":"https:\/\/corrientesdetarde.com\/index.php\/wp-json\/wp\/v2\/posts\/227323\/revisions\/227325"}],"wp:featuredmedia":[{"embeddable":true,"href":"https:\/\/corrientesdetarde.com\/index.php\/wp-json\/wp\/v2\/media\/227324"}],"wp:attachment":[{"href":"https:\/\/corrientesdetarde.com\/index.php\/wp-json\/wp\/v2\/media?parent=227323"}],"wp:term":[{"taxonomy":"category","embeddable":true,"href":"https:\/\/corrientesdetarde.com\/index.php\/wp-json\/wp\/v2\/categories?post=227323"},{"taxonomy":"post_tag","embeddable":true,"href":"https:\/\/corrientesdetarde.com\/index.php\/wp-json\/wp\/v2\/tags?post=227323"}],"curies":[{"name":"wp","href":"https:\/\/api.w.org\/{rel}","templated":true}]}}