{"id":227354,"date":"2025-09-17T14:15:12","date_gmt":"2025-09-17T17:15:12","guid":{"rendered":"https:\/\/corrientesdetarde.com\/?p=227354"},"modified":"2025-09-17T14:15:25","modified_gmt":"2025-09-17T17:15:25","slug":"argentina-enfrentara-a-alemania-en-los-cuartos-de-final-de-la-copa-davis","status":"publish","type":"post","link":"https:\/\/corrientesdetarde.com\/index.php\/deportes\/argentina-enfrentara-a-alemania-en-los-cuartos-de-final-de-la-copa-davis\/","title":{"rendered":"Argentina enfrentar\u00e1 a Alemania en los cuartos de final de la Copa Davis"},"content":{"rendered":"\n<p>El sorteo del cuadro de las Finales se realiz\u00f3 en la ciudad de Bologna, sede de la \u00faltima instancia de la competencia en noviembre pr\u00f3ximo.<\/p>\n\n\n\n<p>Despu\u00e9s de su\u00a0clasificaci\u00f3n\u00a0tras vencer a\u00a0<strong>Pa\u00edses Bajos<\/strong>\u00a0(3-1),\u00a0<strong>el equipo argentino de Copa Davis ya conoce su rival en los cuartos de final<\/strong>\u00a0de la competencia.\u00a0<strong>Alemania<\/strong>\u00a0ser\u00e1 su adversario, seg\u00fan el sorteo del cuadro final realizado este mi\u00e9rcoles en la Plaza Maggiore de Bologna, Italia.<\/p>\n\n\n\n<p>En esa ciudad, se jugar\u00e1 la \u00faltima instancia de competencia entre&nbsp;<strong>el 18 y 23 de noviembre<\/strong>&nbsp;para conocer al nuevo campe\u00f3n de la Ensaladera de Plata.<\/p>\n\n\n\n<p>Antes de la conformaci\u00f3n de las llaves, Argentina fue a sorteo con Rep\u00fablica Checa para determinar qui\u00e9n ser\u00eda cabeza de serie dada la paridad entre ambos en el ranking de la ITF.<\/p>\n\n\n\n<p>En ese aspecto, la suerte fue esquiva para el equipo capitaneado por&nbsp;<strong>Javier Frana<\/strong>, que pas\u00f3 a integrar el segundo cop\u00f3n en un acto realizado al aire libre, del que particip\u00f3 el extenista espa\u00f1ol Feliciano L\u00f3pez, director de la competencia.<\/p>\n\n\n\n<h2 class=\"wp-block-heading\"><strong>Sistema de juego de las Finales<\/strong><\/h2>\n\n\n\n<p>El sorteo dej\u00f3 conformadas las cuatro llaves de cuartos de final, que se resolver\u00e1n por eliminaci\u00f3n directa al mejor de tres partidos (dos singles y un dobles).<\/p>\n\n\n\n<p>En las Finales participar\u00e1n&nbsp;<strong>Italia<\/strong>, como defensor de la corona, y los&nbsp;<strong>siete ganadores de las series por los Qualifiers<\/strong>&nbsp;que se disputaron el pasado fin de semana.<\/p>\n\n\n\n<figure class=\"wp-block-image\"><img decoding=\"async\" src=\"https:\/\/tn.com.ar\/resizer\/v2\/los-jugadores-argentinos-festejan-la-clasificacion-en-groningen-foto-prensa-aat-WO7UPTEXGBG45PBL7R5JFVBNYY.jpg?auth=67eada5202f9c64a1d8a3f532fbb20e54c6c5b6c19a726bec277027503a90e7e&amp;width=767\" alt=\"Los jugadores argentinos festejan la clasificaci\u00f3n en Groningen (Foto: Prensa AAT).\"\/><\/figure>\n\n\n\n<p>En una de ellas, Argentina obtuvo la clasificaci\u00f3n luego de eliminar a Pa\u00edses Bajos por 3-1, de visitante, en la ciudad de Groningen. En las restantes, avanzaron todos equipos europeos: Austria, Alemania, Frnacia, B\u00e9lgica, Rep\u00fablica Checa y Espa\u00f1a.<\/p>\n\n\n\n<h2 class=\"wp-block-heading\"><strong>Las series de cuartos de final de la Copa Argentina<\/strong><\/h2>\n\n\n\n<ul class=\"wp-block-list\">\n<li>Italia vs. Austria<\/li>\n\n\n\n<li>Francia vs. B\u00e9lgica<\/li>\n\n\n\n<li>Rep\u00fablica Checa vs. Espa\u00f1a<\/li>\n\n\n\n<li>Alemania vs.\u00a0<strong>Argentina<\/strong>.<\/li>\n<\/ul>\n\n\n\n<p>En caso de avanzar de fase, los&nbsp;<em>Halcones<\/em>&nbsp;se enfrentar\u00e1n con el ganador de la serie entre los checos y los espa\u00f1oles.<\/p>\n\n\n\n<figure class=\"wp-block-image\"><img decoding=\"async\" src=\"https:\/\/tn.com.ar\/resizer\/v2\/imagen-daviscupcom-NJNYZTBPUNE4FKF2U2J4YTCIAU.jpg?auth=db1643bd01ccf56b6d1a7fe5966ecb36f27a9aaeb9b1a8b41f14f120066affdb&amp;width=767\" alt=\"(Imagen: daviscup.com).\"\/><\/figure>\n\n\n\n<h2 class=\"wp-block-heading\"><strong>Alemania, el rival argentino en cuartos de final de la Copa Davis<\/strong><\/h2>\n\n\n\n<p>La selecci\u00f3n germana accedi\u00f3 a las Finales despu\u00e9s de barrer por 4-0 a Jap\u00f3n de visitante, en una llave que encar\u00f3 sin sus dos principales jugadores,&nbsp;<strong>Alexander Zverev<\/strong>&nbsp;(3\u00b0 del ranking ATP) y&nbsp;<strong>Daniel Altamaier&nbsp;<\/strong>(49\u00b0).<\/p>\n\n\n\n<p>Zverev no representa a su pa\u00eds en la Copa Davis desde hace m\u00e1s de dos a\u00f1os debido a su decisi\u00f3n de priorizar su salud para rendir al m\u00e1ximo en el circuito profesional. Su historial en la Davis se reduce a 9 victorias y 5 derrotas entre 2016 y 2023.<\/p>\n\n\n\n<figure class=\"wp-block-image\"><img decoding=\"async\" src=\"https:\/\/tn.com.ar\/resizer\/v2\/los-alemanes-posan-con-el-pasaporte-a-la-finales-de-la-copa-davis-que-lograron-en-tokio-foto-reuters-TDPA6BFIJYREG5IZ2665HDM54M.jpg?auth=ba83a1dc55c9cfe0ae6b797ba9ae59a9faf13a323c7d3568ce3eb90316967173&amp;width=767\" alt=\"Los alemanes posan con el pasaporte a la Finales de la Copa Davis, que lograron en Tokio (Foto: Reuters).\"\/><\/figure>\n\n\n\n<p>Dirigido por&nbsp;<strong>Michael Kohlmann<\/strong>, el equipo alem\u00e1n afront\u00f3 su reciente llave en Tokio con J<strong>an-Lennard Struff<\/strong>&nbsp;(97\u00b0) y&nbsp;<strong>Yannick Hanfmann&nbsp;<\/strong>(134\u00b0) como singlistas. El dobles estuvo conformado por&nbsp;<strong>Kevin Krawietz<\/strong>&nbsp;(12\u00b0) y&nbsp;<strong>Tim Puetz<\/strong>&nbsp;(13\u00b0). El cuarto punto, ya con la llave definida, lo afront\u00f3&nbsp;<strong>Justin Engel<\/strong>&nbsp;(217\u00b0), de 17 a\u00f1os.<\/p>\n\n\n\n<h2 class=\"wp-block-heading\"><strong>Los antecedentes de Argentina y Alemania por la Copa Davis<\/strong><\/h2>\n\n\n\n<p>Jugaron un total de diez series entre 1936 y 2019, con un balance de siete victorias y tres derrotas en favor de Argentina. Sin embargo, la \u00faltima vez, el triunfo fue para el conjunto alem\u00e1n, en la primera ronda de las Finales 2019 en Madrid.<\/p>\n\n\n\n<p><\/p>\n","protected":false},"excerpt":{"rendered":"<p>El sorteo del cuadro de las Finales se realiz\u00f3 en la ciudad de Bologna, sede de la \u00faltima instancia de la competencia en noviembre pr\u00f3ximo. Despu\u00e9s de su\u00a0clasificaci\u00f3n\u00a0tras vencer a\u00a0Pa\u00edses&hellip; <\/p>\n","protected":false},"author":8,"featured_media":227355,"comment_status":"closed","ping_status":"open","sticky":false,"template":"","format":"standard","meta":{"footnotes":""},"categories":[4],"tags":[],"class_list":["post-227354","post","type-post","status-publish","format-standard","has-post-thumbnail","hentry","category-deportes"],"_links":{"self":[{"href":"https:\/\/corrientesdetarde.com\/index.php\/wp-json\/wp\/v2\/posts\/227354","targetHints":{"allow":["GET"]}}],"collection":[{"href":"https:\/\/corrientesdetarde.com\/index.php\/wp-json\/wp\/v2\/posts"}],"about":[{"href":"https:\/\/corrientesdetarde.com\/index.php\/wp-json\/wp\/v2\/types\/post"}],"author":[{"embeddable":true,"href":"https:\/\/corrientesdetarde.com\/index.php\/wp-json\/wp\/v2\/users\/8"}],"replies":[{"embeddable":true,"href":"https:\/\/corrientesdetarde.com\/index.php\/wp-json\/wp\/v2\/comments?post=227354"}],"version-history":[{"count":1,"href":"https:\/\/corrientesdetarde.com\/index.php\/wp-json\/wp\/v2\/posts\/227354\/revisions"}],"predecessor-version":[{"id":227356,"href":"https:\/\/corrientesdetarde.com\/index.php\/wp-json\/wp\/v2\/posts\/227354\/revisions\/227356"}],"wp:featuredmedia":[{"embeddable":true,"href":"https:\/\/corrientesdetarde.com\/index.php\/wp-json\/wp\/v2\/media\/227355"}],"wp:attachment":[{"href":"https:\/\/corrientesdetarde.com\/index.php\/wp-json\/wp\/v2\/media?parent=227354"}],"wp:term":[{"taxonomy":"category","embeddable":true,"href":"https:\/\/corrientesdetarde.com\/index.php\/wp-json\/wp\/v2\/categories?post=227354"},{"taxonomy":"post_tag","embeddable":true,"href":"https:\/\/corrientesdetarde.com\/index.php\/wp-json\/wp\/v2\/tags?post=227354"}],"curies":[{"name":"wp","href":"https:\/\/api.w.org\/{rel}","templated":true}]}}