{"id":227380,"date":"2025-09-17T15:17:37","date_gmt":"2025-09-17T18:17:37","guid":{"rendered":"https:\/\/corrientesdetarde.com\/?p=227380"},"modified":"2025-09-17T15:17:55","modified_gmt":"2025-09-17T18:17:55","slug":"jair-bolsonaro-fue-diagnosticado-con-cancer-de-piel","status":"publish","type":"post","link":"https:\/\/corrientesdetarde.com\/index.php\/internacionales\/jair-bolsonaro-fue-diagnosticado-con-cancer-de-piel\/","title":{"rendered":"Jair Bolsonaro fue diagnosticado con c\u00e1ncer de piel"},"content":{"rendered":"\n<p>\u201cNo es el m\u00e1s benigno, pero tampoco el m\u00e1s agresivo\u201d, dijo el m\u00e9dico del expresidente.<\/p>\n\n\n\n<p>El expresidente brasile\u00f1o\u00a0Jair Bolsonaro, condenado la semana pasada por intento de golpe de Estado, fue diagnosticado con\u00a0<strong>c\u00e1ncer de piel<\/strong>, anunci\u00f3 este mi\u00e9rcoles su m\u00e9dico.<\/p>\n\n\n\n<p>Bolsonaro tiene un \u201ccarcinoma de c\u00e9lulas escamosas, que&nbsp;<strong>no es ni el m\u00e1s benigno ni el m\u00e1s agresivo<\/strong>, es intermedio, pero aun as\u00ed es un tipo de c\u00e1ncer de piel que puede tener consecuencias m\u00e1s serias\u201d, dijo a periodistas el doctor Claudio Birolini.<\/p>\n\n\n\n<p>Poco antes, el expresidente hab\u00eda salido del hospital donde se encontraba\u00a0ingresado desde el martes en Brasilia.<\/p>\n\n\n\n<p>Las lesiones detectadas fueron removidas. Bolsonaro&nbsp;<strong>no ser\u00e1 sometido a tratamientos adicionales, como quimioterapia<\/strong>, aunque deber\u00e1 ser monitoreado por un equipo m\u00e9dico.<\/p>\n\n\n\n<h2 class=\"wp-block-heading\">C\u00f3mo se encuentra la salud de Jair Bolsonaro<\/h2>\n\n\n\n<p>La enfermedad est\u00e1 en fase precoz, seg\u00fan el diario&nbsp;<em>Folha<\/em>&nbsp;de San Pablo.<\/p>\n\n\n\n<p>Bolsonaro, condenado a 27 a\u00f1os de prisi\u00f3n por golpismo, ser\u00e1 evaluado ahora por un equipo m\u00e9dico. El diagnostico fue determinado despu\u00e9s de una serie de ex\u00e1menes realizados el domingo.<\/p>\n\n\n\n<figure class=\"wp-block-image\"><img decoding=\"async\" src=\"https:\/\/tn.com.ar\/resizer\/v2\/jair-bolsonaro-llega-el-domingo-a-un-hospital-de-brasilia-para-someterse-a-examenes-medicos-foto-de-archivo-reutersadriano-machado-EVCC4BAFD4AS3FHEBEYSIZH66Y.jpg?auth=65a5338a1c69f6fd6aa107597024e9ea43d231536adb5ac33a9cddc41d36eb08&amp;width=767\" alt=\"Jair Bolsonaro llega el domingo a un hospital de Brasilia para someterse a ex\u00e1menes m\u00e9dicos (Foto de archivo: REUTERS\/Adriano Machado)\"\/><\/figure>\n\n\n\n<p>El bolet\u00edn m\u00e9dico divulgado por el hospital DF Star revel\u00f3 dos lesiones cut\u00e1neas con \u201cpresencia de carcinoma de c\u00e9lulas escamosas\u201d, dijo el peri\u00f3dico.<\/p>\n\n\n\n<p>Bolsonaro deber\u00e1 pasar ahora por \u201cacompa\u00f1amiento cl\u00ednico y revaluaci\u00f3n peri\u00f3dica\u201d.<\/p>\n\n\n\n<p>El expresidente fue dado de alto este mi\u00e9rcoles del hospital tras pasar la noche internado en observaci\u00f3n. El martes fue hospitalizado de urgencia despu\u00e9s de sufrir una crisis de hipo y v\u00f3mitos.<\/p>\n\n\n\n<p>Bolsonaro ha acusado en los \u00faltimos meses frecuentes malestares, especialmente hipos cr\u00f3nicos y v\u00f3mitos. Algunos de estos problemas de salud son derivados del ataque con cuchillo en el abdomen que sufri\u00f3 durante la campa\u00f1a electoral de 2018.<\/p>\n\n\n\n<p>La corte suprema lo hall\u00f3 la semana pasada culpable de liderar una organizaci\u00f3n criminal para aferrarse al poder en 2022, tras perder las elecciones contra&nbsp;<strong>Luiz In\u00e1cio Lula da Silva<\/strong>. Bolsonaro no estuvo presente en las \u00faltimas sesiones del juicio debido, seg\u00fan sus abogados, a los problemas de salud.<\/p>\n\n\n\n<h2 class=\"wp-block-heading\">Qu\u00e9 dijo el m\u00e9dico de Jair Bolsonaro<\/h2>\n\n\n\n<p>El m\u00e9dico personal del exmandatario dijo que en dos de las ocho lesiones examinadas fue detectado c\u00e1ncer de piel. Una de ellas se encuentra en el brazo y otra en el t\u00f3rax.<\/p>\n\n\n\n<p>\u201cUna sab\u00edamos que no era. Las otras siete eran susceptibles para c\u00e1ncer de piel. De esas, dos dieron positivas para un tipo de tumor que es el carcinoma de c\u00e9lulas escamosas, que no es no el m\u00e1s benigno ni el m\u00e1s agresivo. Es el intermedio, pero a\u00fan as\u00ed es un tipo de c\u00e1ncer de piel que puede tener consecuencias m\u00e1s serias\u201d, alert\u00f3.<\/p>\n\n\n\n<p>Las lesiones hab\u00edan sido identificadas como sospechosas en un examen m\u00e9dico hecho en abril.<\/p>\n\n\n\n<p>Birolini dijo que las lesiones fueron retiradas, lo que elimina la necesidad de tratamientos adicionales como quimioterapia. Sin embargo, Bolsonaro deber\u00e1 ser monitoreado por un equipo m\u00e9dico.<\/p>\n\n\n\n<p>Adem\u00e1s del c\u00e1ncer, al expresidente le fue diagnosticado&nbsp;<strong>anemia y problemas renales<\/strong>.<\/p>\n\n\n\n<p><\/p>\n","protected":false},"excerpt":{"rendered":"<p>\u201cNo es el m\u00e1s benigno, pero tampoco el m\u00e1s agresivo\u201d, dijo el m\u00e9dico del expresidente. El expresidente brasile\u00f1o\u00a0Jair Bolsonaro, condenado la semana pasada por intento de golpe de Estado, fue&hellip; <\/p>\n","protected":false},"author":8,"featured_media":227381,"comment_status":"closed","ping_status":"open","sticky":false,"template":"","format":"standard","meta":{"footnotes":""},"categories":[11],"tags":[],"class_list":["post-227380","post","type-post","status-publish","format-standard","has-post-thumbnail","hentry","category-internacionales"],"_links":{"self":[{"href":"https:\/\/corrientesdetarde.com\/index.php\/wp-json\/wp\/v2\/posts\/227380","targetHints":{"allow":["GET"]}}],"collection":[{"href":"https:\/\/corrientesdetarde.com\/index.php\/wp-json\/wp\/v2\/posts"}],"about":[{"href":"https:\/\/corrientesdetarde.com\/index.php\/wp-json\/wp\/v2\/types\/post"}],"author":[{"embeddable":true,"href":"https:\/\/corrientesdetarde.com\/index.php\/wp-json\/wp\/v2\/users\/8"}],"replies":[{"embeddable":true,"href":"https:\/\/corrientesdetarde.com\/index.php\/wp-json\/wp\/v2\/comments?post=227380"}],"version-history":[{"count":1,"href":"https:\/\/corrientesdetarde.com\/index.php\/wp-json\/wp\/v2\/posts\/227380\/revisions"}],"predecessor-version":[{"id":227382,"href":"https:\/\/corrientesdetarde.com\/index.php\/wp-json\/wp\/v2\/posts\/227380\/revisions\/227382"}],"wp:featuredmedia":[{"embeddable":true,"href":"https:\/\/corrientesdetarde.com\/index.php\/wp-json\/wp\/v2\/media\/227381"}],"wp:attachment":[{"href":"https:\/\/corrientesdetarde.com\/index.php\/wp-json\/wp\/v2\/media?parent=227380"}],"wp:term":[{"taxonomy":"category","embeddable":true,"href":"https:\/\/corrientesdetarde.com\/index.php\/wp-json\/wp\/v2\/categories?post=227380"},{"taxonomy":"post_tag","embeddable":true,"href":"https:\/\/corrientesdetarde.com\/index.php\/wp-json\/wp\/v2\/tags?post=227380"}],"curies":[{"name":"wp","href":"https:\/\/api.w.org\/{rel}","templated":true}]}}