{"id":227411,"date":"2025-09-17T16:19:17","date_gmt":"2025-09-17T19:19:17","guid":{"rendered":"https:\/\/corrientesdetarde.com\/?p=227411"},"modified":"2025-09-17T16:19:25","modified_gmt":"2025-09-17T19:19:25","slug":"homero-piano-barra-abrio-sus-puertas-en-palermo-con-una-noche-llena-de-musica-y-famosos","status":"publish","type":"post","link":"https:\/\/corrientesdetarde.com\/index.php\/informacion-general\/homero-piano-barra-abrio-sus-puertas-en-palermo-con-una-noche-llena-de-musica-y-famosos\/","title":{"rendered":"HOMERO PIANO BARRA ABRI\u00d3 SUS PUERTAS EN PALERMO CON UNA NOCHE LLENA DE M\u00daSICA Y FAMOSOS"},"content":{"rendered":"\n<h3 class=\"wp-block-heading\"><strong>Una inauguraci\u00f3n inolvidable, con sorpresas espectaculares: Marcelo Moura emocion\u00f3 al p\u00fablico con cl\u00e1sicos de Virus, mientras Leonardo Sbaraglia se acerc\u00f3 al piano y cant\u00f3 junto a los hijos del recordado Chico Novarro, la anfitriona Julieta y su hermano Pablo Novak.<\/strong><\/h3>\n\n\n\n<p><strong>Buenos Aires, septiembre de 2025.\u2013 La ciudad suma una propuesta innovadora con la inauguraci\u00f3n de&nbsp;<a href=\"https:\/\/www.instagram.com\/homeropiano\">Homero Piano Barra<\/a>, un espacio \u00fanico que transforma a los espectadores en protagonistas, impulsado por Julieta Novarro y la Familia Bossi, los creadores de Microteatro.<\/strong><\/p>\n\n\n\n<h3 class=\"wp-block-heading\"><strong>Una apertura con m\u00fasica y figuras del espect\u00e1culo<\/strong><\/h3>\n\n\n\n<p><strong>La velada inaugural reuni\u00f3 a destacadas personalidades que no solo asistieron, sino que tambi\u00e9n se animaron a cantar. Marcelo Moura emocion\u00f3 al p\u00fablico con cl\u00e1sicos de Virus, Jos\u00e9 Mar\u00eda Listorti opt\u00f3 por el tango, mientras que Leonardo Sbaraglia, Pablo Novak y la propia Julieta Novarro sorprendieron con un variado repertorio.<\/strong><\/p>\n\n\n\n<p><strong>Entre los invitados tambi\u00e9n se encontraban Edda Bustamante, V\u00edctor Laplace, Natalia Graciano, Guillermina Vald\u00e9s, Adriana Salonia, Christophe Krywonis, Bautista Amestoy, Dan Breitman, Fede Bar\u00f3n, Josefina Sarkany, Juan Mart\u00edn Hern\u00e1ndez, Caro Domenech y Luly Drozdek, quienes disfrutaron de la m\u00fasica en un ambiente descontracturado acompa\u00f1ado de propuestas gastron\u00f3micas de autor.<\/strong><\/p>\n\n\n\n<h3 class=\"wp-block-heading\"><strong>Una din\u00e1mica participativa: un piano y un p\u00fablico que canta<\/strong><\/h3>\n\n\n\n<p><strong>El concepto de Homero es simple y cautivador: un piano en el centro de la sala, dos pianistas que interpretan grandes \u00e9xitos nacionales e internacionales, y un p\u00fablico que se convierte en protagonista al animarse a cantar. \u201cAs\u00ed como todos tenemos un actor dentro de nuestro coraz\u00f3n, tambi\u00e9n tenemos un cantante\u201d, destacaron los responsables, subrayando la esencia participativa de la experiencia.<\/strong><\/p>\n\n\n\n<h3 class=\"wp-block-heading\"><strong>Cocina de autor y cocteler\u00eda contempor\u00e1nea en Buenos Aires<\/strong><\/h3>\n\n\n\n<p><strong>La propuesta gastron\u00f3mica est\u00e1 a cargo del chef Rodrigo Castilla, con una carta dise\u00f1ada para compartir: desde arancini de risotto y empanadas de osobuco hasta vieiras con salsa XO y stracciatella con jam\u00f3n serrano. La cocteler\u00eda combina cl\u00e1sicos internacionales con creaciones de autor, adem\u00e1s de verm\u00fa de la casa, aperitivos locales y una selecci\u00f3n de vinos especialmente curada.<\/strong><\/p>\n\n\n\n<p><strong>Ubicado en Serrano 1141, Palermo, Homero Piano Barra abre de mi\u00e9rcoles a s\u00e1bado, de 20 a 02 horas, consolid\u00e1ndose como una propuesta innovadora que fusiona m\u00fasica, gastronom\u00eda y participaci\u00f3n en el coraz\u00f3n de la vida nocturna de Buenos Aires.<\/strong><\/p>\n\n\n\n<p><strong>Acerca de Homero Piano Barra<\/strong><\/p>\n\n\n\n<p><strong>Homero Piano Barra es el primer espacio en Buenos Aires que fusiona m\u00fasica en vivo, gastronom\u00eda de autor y participaci\u00f3n del p\u00fablico en un mismo escenario. Creado por la Familia Bossi junto a Julieta Novarro, ofrece una experiencia \u00fanica donde cada visitante puede convertirse en protagonista de la noche.<\/strong><\/p>\n","protected":false},"excerpt":{"rendered":"<p>Una inauguraci\u00f3n inolvidable, con sorpresas espectaculares: Marcelo Moura emocion\u00f3 al p\u00fablico con cl\u00e1sicos de Virus, mientras Leonardo Sbaraglia se acerc\u00f3 al piano y cant\u00f3 junto a los hijos del recordado&hellip; <\/p>\n","protected":false},"author":11,"featured_media":227415,"comment_status":"closed","ping_status":"open","sticky":false,"template":"","format":"standard","meta":{"footnotes":""},"categories":[1],"tags":[],"class_list":["post-227411","post","type-post","status-publish","format-standard","has-post-thumbnail","hentry","category-informacion-general"],"_links":{"self":[{"href":"https:\/\/corrientesdetarde.com\/index.php\/wp-json\/wp\/v2\/posts\/227411","targetHints":{"allow":["GET"]}}],"collection":[{"href":"https:\/\/corrientesdetarde.com\/index.php\/wp-json\/wp\/v2\/posts"}],"about":[{"href":"https:\/\/corrientesdetarde.com\/index.php\/wp-json\/wp\/v2\/types\/post"}],"author":[{"embeddable":true,"href":"https:\/\/corrientesdetarde.com\/index.php\/wp-json\/wp\/v2\/users\/11"}],"replies":[{"embeddable":true,"href":"https:\/\/corrientesdetarde.com\/index.php\/wp-json\/wp\/v2\/comments?post=227411"}],"version-history":[{"count":1,"href":"https:\/\/corrientesdetarde.com\/index.php\/wp-json\/wp\/v2\/posts\/227411\/revisions"}],"predecessor-version":[{"id":227417,"href":"https:\/\/corrientesdetarde.com\/index.php\/wp-json\/wp\/v2\/posts\/227411\/revisions\/227417"}],"wp:featuredmedia":[{"embeddable":true,"href":"https:\/\/corrientesdetarde.com\/index.php\/wp-json\/wp\/v2\/media\/227415"}],"wp:attachment":[{"href":"https:\/\/corrientesdetarde.com\/index.php\/wp-json\/wp\/v2\/media?parent=227411"}],"wp:term":[{"taxonomy":"category","embeddable":true,"href":"https:\/\/corrientesdetarde.com\/index.php\/wp-json\/wp\/v2\/categories?post=227411"},{"taxonomy":"post_tag","embeddable":true,"href":"https:\/\/corrientesdetarde.com\/index.php\/wp-json\/wp\/v2\/tags?post=227411"}],"curies":[{"name":"wp","href":"https:\/\/api.w.org\/{rel}","templated":true}]}}