{"id":227413,"date":"2025-09-17T16:18:09","date_gmt":"2025-09-17T19:18:09","guid":{"rendered":"https:\/\/corrientesdetarde.com\/?p=227413"},"modified":"2025-09-17T16:18:43","modified_gmt":"2025-09-17T19:18:43","slug":"los-looks-de-maxima-de-holanda-y-sus-tres-hijas-en-el-dia-del-principe-vestidos-largos-tocados-y-joyeria","status":"publish","type":"post","link":"https:\/\/corrientesdetarde.com\/index.php\/tendencias\/los-looks-de-maxima-de-holanda-y-sus-tres-hijas-en-el-dia-del-principe-vestidos-largos-tocados-y-joyeria\/","title":{"rendered":"Los looks de M\u00e1xima de Holanda y sus tres hijas en el D\u00eda del Pr\u00edncipe: vestidos largos, tocados y joyer\u00eda"},"content":{"rendered":"\n<p>Fue el debut de la princesa m\u00e1s chica, Ariane, en este evento institucional.<\/p>\n\n\n\n<p>Como cada tercer martes de septiembre,<strong>\u00a0Pa\u00edses Bajos\u00a0<\/strong>celebr\u00f3 el<strong>\u00a0D\u00eda del pr\u00edncipe\u00a0<\/strong>(uno de los acontecimientos m\u00e1s importantes de la vida pol\u00edtica, donde los Estados Generales se re\u00fanen en sesi\u00f3n conjunta ante el trono), y la\u00a0<strong>familia real<\/strong>\u00a0se mostr\u00f3 impecable en el recorrido y desde el desde el balc\u00f3n del Palacio Noordeinde.<\/p>\n\n\n\n<p><strong>M\u00e1xima Zorreguieta<\/strong>, ya conocida por sus elegantes apuestas de lujo, se mostr\u00f3 junto al rey Guillermo y a sus tres hijas: Amalia, la heredera al trono, Alexia y Ariane. Se trata del primer evento oficial de la menor de las princesas desde que alcanz\u00f3 la mayor\u00eda de edad en abril.<\/p>\n\n\n\n<p>M\u00e1xima eligi\u00f3 un vestido del holand\u00e9s&nbsp;<strong>Jan Taminiau<\/strong>&nbsp;-uno de sus dise\u00f1adores favoritos- que ya hab\u00eda usado en el D\u00eda del Pr\u00edncipe en 2011.<\/p>\n\n\n\n<figure class=\"wp-block-image\"><img decoding=\"async\" src=\"https:\/\/tn.com.ar\/resizer\/v2\/las-elegantes-apuestas-del-rey-guillermo-y-la-reina-maxima-en-el-dia-del-principe-foto-efeepajeroen-jumelet-pool-G44TETTKFJDAVPKIGZP2HDX4XE.JPG?auth=a1fd9e41e8bed612671bc84de7ab3ecb8132da6acd9d12c086b30522b1eb8b12&amp;width=767\" alt=\"Las elegantes apuestas del rey Guillermo y la reina M\u00e1xima en el D\u00eda del Pr\u00edncipe. (Foto: EFE\/EPA\/JEROEN JUMELET \/ POOL)\"\/><\/figure>\n\n\n\n<p>El vestido, de color neutro, tiene sectores drapeados y mangas largas, todo bordado con peque\u00f1as lentejuelas. Lo acompa\u00f1\u00f3 con un fascinator gris con flores y plumas sobre el pelo recogido, un broche de pedrer\u00eda en el hombro derecho y un brazalete y aros a juego. Como detalle final, us\u00f3 guantes en un tono m\u00e1s oscuro<\/p>\n\n\n\n<figure class=\"wp-block-image\"><img decoding=\"async\" src=\"https:\/\/tn.com.ar\/resizer\/v2\/la-reina-maxima-con-un-vestido-con-lentejuelas-un-tocado-de-flores-y-joyeria-con-piedras-foto-reuterspiroschka-van-de-wouw-EWXRYCURTBR2MCKO6SXIQUHA24.jpg?auth=ef927cfab522c9133e29f713d8e81e9510e72b4b4ddbfb792bbbbcae584e93be&amp;width=767\" alt=\"La reina M\u00e1xima con un vestido con lentejuelas, un tocado de flores y joyer\u00eda con piedras. (Foto: REUTERS\/Piroschka van de Wouw)\"\/><\/figure>\n\n\n\n<h2 class=\"wp-block-heading\">La princesa Amalia, con capa y flecos<\/h2>\n\n\n\n<p><strong>Amalia<\/strong>, que algunos meses atr\u00e1s particip\u00f3 de la ceremonia de\u00a0<strong>graduaci\u00f3n de la Universidad de \u00c1msterdam<\/strong>, se mostr\u00f3 con un vestido color\u00a0<strong>manteca<\/strong>\u00a0con una\u00a0<strong>capa<\/strong>\u00a0<strong>cruzada al frente<\/strong>\u00a0y\u00a0<strong>flecos<\/strong>\u00a0en el ruedo. Lo complement\u00f3 con una pamela de<strong>\u00a0ala ancha al tono<\/strong>, guantes a juego y un\u00a0<em>clutch<\/em>\u00a0del mismo color.<\/p>\n\n\n\n<figure class=\"wp-block-image\"><img decoding=\"async\" src=\"https:\/\/tn.com.ar\/resizer\/v2\/el-rey-guillermo-y-la-reina-maxima-junto-a-la-princesa-amalia-heredera-al-trono-foto-efeepapatrick-van-emst-pool-SJIT26ILQ5C63NOZJZWB3DDFMU.JPG?auth=fcf4484ec79a107481810763837ba1fca2daa1fc1c6f917a9c658f7b34e7160b&amp;width=767\" alt=\"El rey Guillermo y la reina M\u00e1xima junto a la princesa Amalia, heredera al trono. (Foto:  EFE\/EPA\/PATRICK VAN EMST \/ POOL)\"\/><\/figure>\n\n\n\n<h2 class=\"wp-block-heading\">Alexia, se destac\u00f3 por el color y el dise\u00f1o<\/h2>\n\n\n\n<p><strong>Alexia<\/strong>, la hermana del medio, apost\u00f3 por un<strong>&nbsp;vestido p\u00fapura profundo asim\u00e9trico<\/strong>&nbsp;que simula una capa, de&nbsp;<strong>una<\/strong>&nbsp;<strong>sola manga larga&nbsp;<\/strong>y sectores&nbsp;<strong>drapeados<\/strong>. Lo complement\u00f3 con&nbsp;<strong>guantes cortos de cuero&nbsp;<\/strong>color borgo\u00f1a y un&nbsp;<em><strong>clutch<\/strong><\/em>&nbsp;a juego con un herraje met\u00e1lico color oro.<\/p>\n\n\n\n<figure class=\"wp-block-image\"><img decoding=\"async\" src=\"https:\/\/tn.com.ar\/resizer\/v2\/los-looks-de-las-princesas-ariane-y-alexia-en-el-dia-del-principe-foto-efeepapatrick-van-emst-pool-I3TMVX4OPZHZ3AOZB3RKUZT4KM.JPG?auth=19808375a3ecde79e08b3898465c59a3b9eb9deb496007c9ae7e77130e6abda7&amp;width=767\" alt=\"Los looks de las princesas Ariane y Alexia en el D\u00eda del Pr\u00edncipe. (Foto: EFE\/EPA\/PATRICK VAN EMST \/ POOL)\"\/><\/figure>\n\n\n\n<p>Llev\u00f3 el pelo recogido y un llamativo brazalete dorado, saido seguramente del joyero de su madre.<\/p>\n\n\n\n<h2 class=\"wp-block-heading\">El debut de la princesa Ariane<\/h2>\n\n\n\n<p><strong>Ariane<\/strong>, la m\u00e1s chica de las hermanas, se luci\u00f3 con un&nbsp;<strong>vestido azul Klein<\/strong>&nbsp;de&nbsp;<strong>mangas cortas abiertas<\/strong>&nbsp;y detalles drapeados a la altura del torso. Como todas las mujeres de la familia real, lo combin\u00f3 con guantes cortos de cuero, pero azules, y coron\u00f3 con un<strong>&nbsp;fascinator&nbsp;<\/strong>a juego con detalle de red.<\/p>\n\n\n\n<figure class=\"wp-block-image\"><img decoding=\"async\" src=\"https:\/\/tn.com.ar\/resizer\/v2\/las-princesas-ariane-y-alexia-de-camino-al-royal-theatre-foto-efeepasem-van-der-wal-pool-QV4HY24DWZEDHOC4ONUC5Z3L64.JPG?auth=2ccafaedced51026f8789fd843a9c11a8c958821fade14e60af416a10fd8426f&amp;width=767\" alt=\"Las princesas Ariane y Alexia de camino al Royal Theatre. (Foto: EFE\/EPA\/SEM VAN DER WAL \/ POOL)\"\/><\/figure>\n\n\n\n<p>Y aunque las mujeres de la familia se llevaron el protagonismo con sus looks, el rey Guillermo se mostr\u00f3 con la elegancia que la ocasi\u00f3n ameritaba: un cl\u00e1sico chaqu\u00e9 con levita negra, chaleco de seda gris claro y&nbsp;<strong>pantal\u00f3n gris con finas rayas negras.<\/strong>&nbsp;Lo complement\u00f3 con una camisa blanca, una corbata gris con pintitas negras y zapatos de cuero acordonados.<\/p>\n\n\n\n<figure class=\"wp-block-image\"><img decoding=\"async\" src=\"https:\/\/tn.com.ar\/resizer\/v2\/los-looks-del-rey-guillermo-la-reina-maxima-y-la-princesa-amalia-foto-efeepapatrick-van-emst-pool-2YJI3OUZ7NBB7AX5YNGCQOI23Y.JPG?auth=0bb54c1daab6694f81af5a828c51d06c70dcd54f11c7bd803304e1119e4850ac&amp;width=767\" alt=\"Los looks del rey Guillermo, la reina M\u00e1xima y la princesa Amalia. (Foto:  EFE\/EPA\/PATRICK VAN EMST \/ POOL)\"\/><\/figure>\n\n\n\n<p><\/p>\n","protected":false},"excerpt":{"rendered":"<p>Fue el debut de la princesa m\u00e1s chica, Ariane, en este evento institucional. Como cada tercer martes de septiembre,\u00a0Pa\u00edses Bajos\u00a0celebr\u00f3 el\u00a0D\u00eda del pr\u00edncipe\u00a0(uno de los acontecimientos m\u00e1s importantes de la&hellip; <\/p>\n","protected":false},"author":8,"featured_media":227414,"comment_status":"closed","ping_status":"open","sticky":false,"template":"","format":"standard","meta":{"footnotes":""},"categories":[28],"tags":[],"class_list":["post-227413","post","type-post","status-publish","format-standard","has-post-thumbnail","hentry","category-tendencias"],"_links":{"self":[{"href":"https:\/\/corrientesdetarde.com\/index.php\/wp-json\/wp\/v2\/posts\/227413","targetHints":{"allow":["GET"]}}],"collection":[{"href":"https:\/\/corrientesdetarde.com\/index.php\/wp-json\/wp\/v2\/posts"}],"about":[{"href":"https:\/\/corrientesdetarde.com\/index.php\/wp-json\/wp\/v2\/types\/post"}],"author":[{"embeddable":true,"href":"https:\/\/corrientesdetarde.com\/index.php\/wp-json\/wp\/v2\/users\/8"}],"replies":[{"embeddable":true,"href":"https:\/\/corrientesdetarde.com\/index.php\/wp-json\/wp\/v2\/comments?post=227413"}],"version-history":[{"count":1,"href":"https:\/\/corrientesdetarde.com\/index.php\/wp-json\/wp\/v2\/posts\/227413\/revisions"}],"predecessor-version":[{"id":227416,"href":"https:\/\/corrientesdetarde.com\/index.php\/wp-json\/wp\/v2\/posts\/227413\/revisions\/227416"}],"wp:featuredmedia":[{"embeddable":true,"href":"https:\/\/corrientesdetarde.com\/index.php\/wp-json\/wp\/v2\/media\/227414"}],"wp:attachment":[{"href":"https:\/\/corrientesdetarde.com\/index.php\/wp-json\/wp\/v2\/media?parent=227413"}],"wp:term":[{"taxonomy":"category","embeddable":true,"href":"https:\/\/corrientesdetarde.com\/index.php\/wp-json\/wp\/v2\/categories?post=227413"},{"taxonomy":"post_tag","embeddable":true,"href":"https:\/\/corrientesdetarde.com\/index.php\/wp-json\/wp\/v2\/tags?post=227413"}],"curies":[{"name":"wp","href":"https:\/\/api.w.org\/{rel}","templated":true}]}}