{"id":227494,"date":"2025-09-18T09:24:51","date_gmt":"2025-09-18T12:24:51","guid":{"rendered":"https:\/\/corrientesdetarde.com\/?p=227494"},"modified":"2025-09-18T09:25:19","modified_gmt":"2025-09-18T12:25:19","slug":"presentaron-un-nuevo-libro-sobre-la-historia-territorial-de-corrientes","status":"publish","type":"post","link":"https:\/\/corrientesdetarde.com\/index.php\/cultura\/presentaron-un-nuevo-libro-sobre-la-historia-territorial-de-corrientes\/","title":{"rendered":"Presentaron un nuevo libro sobre la historia territorial de Corrientes"},"content":{"rendered":"\n<p>El vicegobernador Pedro Braillard Poccard encabez\u00f3 la presentaci\u00f3n del libro \u201cConfiguraci\u00f3n territorial de la Provincia de Corrientes (a\u00f1os 1800\u20131853)\u201d, del investigador Dr. Dardo Ram\u00edrez Braschi, en un acto realizado en el Aula Magna de la Facultad de Derecho y Ciencias Pol\u00edticas de la UNNE.<\/p>\n\n\n\n<p>Durante la actividad, el Dr. Braillard Poccard subray\u00f3 la relevancia de esta obra que aporta una mirada rigurosa sobre los l\u00edmites hist\u00f3ricos de la provincia, analizados a trav\u00e9s de cartograf\u00eda antigua. El evento fue presentado por el Dr. Eduardo Enrique Galiana, y cont\u00f3 con la participaci\u00f3n del autor, quien comparti\u00f3 reflexiones sobre el v\u00ednculo entre territorio, poder y construcci\u00f3n institucional a lo largo de la historia.<\/p>\n\n\n\n<p>Por su parte, el decano de la Facultad de Derecho, Dr. Mario Villegas, destac\u00f3 la capacidad del autor para integrar historia y geograf\u00eda, valorando el enfoque multidisciplinario del trabajo.<\/p>\n\n\n\n<p>El libro, editado por Moglia Ediciones, se suma a &#8220;La Ciudad de Vera de las Siete Corrientes y su representaci\u00f3n territorial en dos siglos de cartograf\u00eda (Siglos XVII y XVIII)&#8221;, del mismo autor, presentado el a\u00f1o pasado.<br>Acompa\u00f1aron el lanzamiento el editor Leonardo Moglia, la presidenta del Instituto de Cultura, Beatriz Kunin, el senador Noel Breard, el presidente de la Junta de Historia de la Provincia, Dr. Enrique Deniri, y destacados acad\u00e9micos e historiadores.<\/p>\n\n\n\n<figure class=\"wp-block-image size-full\"><img loading=\"lazy\" decoding=\"async\" width=\"1009\" height=\"628\" src=\"https:\/\/corrientesdetarde.com\/wp-content\/uploads\/2025\/09\/image-604.png\" alt=\"\" class=\"wp-image-227500\" srcset=\"https:\/\/corrientesdetarde.com\/wp-content\/uploads\/2025\/09\/image-604.png 1009w, https:\/\/corrientesdetarde.com\/wp-content\/uploads\/2025\/09\/image-604-300x187.png 300w, https:\/\/corrientesdetarde.com\/wp-content\/uploads\/2025\/09\/image-604-768x478.png 768w\" sizes=\"auto, (max-width: 1009px) 100vw, 1009px\" \/><\/figure>\n","protected":false},"excerpt":{"rendered":"<p>El vicegobernador Pedro Braillard Poccard encabez\u00f3 la presentaci\u00f3n del libro \u201cConfiguraci\u00f3n territorial de la Provincia de Corrientes (a\u00f1os 1800\u20131853)\u201d, del investigador Dr. Dardo Ram\u00edrez Braschi, en un acto realizado en&hellip; <\/p>\n","protected":false},"author":1,"featured_media":227499,"comment_status":"closed","ping_status":"open","sticky":false,"template":"","format":"standard","meta":{"footnotes":""},"categories":[23,15,1208],"tags":[],"class_list":["post-227494","post","type-post","status-publish","format-standard","has-post-thumbnail","hentry","category-actualidad","category-cultura","category-eventossociedad"],"_links":{"self":[{"href":"https:\/\/corrientesdetarde.com\/index.php\/wp-json\/wp\/v2\/posts\/227494","targetHints":{"allow":["GET"]}}],"collection":[{"href":"https:\/\/corrientesdetarde.com\/index.php\/wp-json\/wp\/v2\/posts"}],"about":[{"href":"https:\/\/corrientesdetarde.com\/index.php\/wp-json\/wp\/v2\/types\/post"}],"author":[{"embeddable":true,"href":"https:\/\/corrientesdetarde.com\/index.php\/wp-json\/wp\/v2\/users\/1"}],"replies":[{"embeddable":true,"href":"https:\/\/corrientesdetarde.com\/index.php\/wp-json\/wp\/v2\/comments?post=227494"}],"version-history":[{"count":1,"href":"https:\/\/corrientesdetarde.com\/index.php\/wp-json\/wp\/v2\/posts\/227494\/revisions"}],"predecessor-version":[{"id":227505,"href":"https:\/\/corrientesdetarde.com\/index.php\/wp-json\/wp\/v2\/posts\/227494\/revisions\/227505"}],"wp:featuredmedia":[{"embeddable":true,"href":"https:\/\/corrientesdetarde.com\/index.php\/wp-json\/wp\/v2\/media\/227499"}],"wp:attachment":[{"href":"https:\/\/corrientesdetarde.com\/index.php\/wp-json\/wp\/v2\/media?parent=227494"}],"wp:term":[{"taxonomy":"category","embeddable":true,"href":"https:\/\/corrientesdetarde.com\/index.php\/wp-json\/wp\/v2\/categories?post=227494"},{"taxonomy":"post_tag","embeddable":true,"href":"https:\/\/corrientesdetarde.com\/index.php\/wp-json\/wp\/v2\/tags?post=227494"}],"curies":[{"name":"wp","href":"https:\/\/api.w.org\/{rel}","templated":true}]}}