{"id":227506,"date":"2025-09-18T10:38:50","date_gmt":"2025-09-18T13:38:50","guid":{"rendered":"https:\/\/corrientesdetarde.com\/?p=227506"},"modified":"2025-09-18T10:39:02","modified_gmt":"2025-09-18T13:39:02","slug":"denuncian-que-un-nino-amenazo-con-llevar-un-arma-a-la-escuela","status":"publish","type":"post","link":"https:\/\/corrientesdetarde.com\/index.php\/policiales\/denuncian-que-un-nino-amenazo-con-llevar-un-arma-a-la-escuela\/","title":{"rendered":"Denuncian que un ni\u00f1o amenaz\u00f3 con llevar un arma a la escuela"},"content":{"rendered":"\n<p>Padres y tutores de la Escuela N\u00b08 &#8220;Juan Bautista Alberti&#8221;, por avenida Alfons\u00edn al 3300, denunciaron que un nene de 12 a\u00f1os amenaz\u00f3 con llevar un arma al establecimiento. &#8220;El chico amenaz\u00f3 a la maestra y a sus compa\u00f1eros que iba a traer un arma para matar a todos&#8221;, expres\u00f3 un tutor que eligi\u00f3 el anonimato. Directivos de la escuela convocaron a los padres e informaron que se labr\u00f3 un acta. Desde ayer se instal\u00f3 un m\u00f3vil policial en el acceso.<\/p>\n\n\n\n<p>Padres y tutores se convocaron esta ma\u00f1ana en el acceso a la Escuela 8, ubicada por avenida Alfons\u00edn al 3300 a metros del shopping, para expresar su preocupaci\u00f3n por lo ocurrido d\u00edas atras en uno de los cursos.<\/p>\n\n\n\n<p>&#8220;El martes este chico amenaz\u00f3 a sus compa\u00f1eros y a su maestra diciendo que iba a traer un arma para matar a todos. Ayer nos encontramos con un m\u00f3vil policial en la puerta, pedido por las autoridades. Eso asust\u00f3 mucho a los chicos&#8221;, dijo un padre.<\/p>\n\n\n\n<p>&#8220;Los directivos no nos llamaron. Nos presentamos y pedimos una reuni\u00f3n. All\u00ed se nos inform\u00f3 que ya se pas\u00f3 el tema al DISEPA. Lo que necesitamos es un gabinete psicopedag\u00f3gico, ya que ac\u00e1 hay varios chicos con problemas serios&#8221;, agreg\u00f3 el se\u00f1or, que eligi\u00f3 el anonimato.<\/p>\n","protected":false},"excerpt":{"rendered":"<p>Padres y tutores de la Escuela N\u00b08 &#8220;Juan Bautista Alberti&#8221;, por avenida Alfons\u00edn al 3300, denunciaron que un nene de 12 a\u00f1os amenaz\u00f3 con llevar un arma al establecimiento. &#8220;El&hellip; <\/p>\n","protected":false},"author":1,"featured_media":227515,"comment_status":"closed","ping_status":"open","sticky":false,"template":"","format":"standard","meta":{"footnotes":""},"categories":[33],"tags":[],"class_list":["post-227506","post","type-post","status-publish","format-standard","has-post-thumbnail","hentry","category-policiales"],"_links":{"self":[{"href":"https:\/\/corrientesdetarde.com\/index.php\/wp-json\/wp\/v2\/posts\/227506","targetHints":{"allow":["GET"]}}],"collection":[{"href":"https:\/\/corrientesdetarde.com\/index.php\/wp-json\/wp\/v2\/posts"}],"about":[{"href":"https:\/\/corrientesdetarde.com\/index.php\/wp-json\/wp\/v2\/types\/post"}],"author":[{"embeddable":true,"href":"https:\/\/corrientesdetarde.com\/index.php\/wp-json\/wp\/v2\/users\/1"}],"replies":[{"embeddable":true,"href":"https:\/\/corrientesdetarde.com\/index.php\/wp-json\/wp\/v2\/comments?post=227506"}],"version-history":[{"count":1,"href":"https:\/\/corrientesdetarde.com\/index.php\/wp-json\/wp\/v2\/posts\/227506\/revisions"}],"predecessor-version":[{"id":227516,"href":"https:\/\/corrientesdetarde.com\/index.php\/wp-json\/wp\/v2\/posts\/227506\/revisions\/227516"}],"wp:featuredmedia":[{"embeddable":true,"href":"https:\/\/corrientesdetarde.com\/index.php\/wp-json\/wp\/v2\/media\/227515"}],"wp:attachment":[{"href":"https:\/\/corrientesdetarde.com\/index.php\/wp-json\/wp\/v2\/media?parent=227506"}],"wp:term":[{"taxonomy":"category","embeddable":true,"href":"https:\/\/corrientesdetarde.com\/index.php\/wp-json\/wp\/v2\/categories?post=227506"},{"taxonomy":"post_tag","embeddable":true,"href":"https:\/\/corrientesdetarde.com\/index.php\/wp-json\/wp\/v2\/tags?post=227506"}],"curies":[{"name":"wp","href":"https:\/\/api.w.org\/{rel}","templated":true}]}}