{"id":227508,"date":"2025-09-18T09:28:29","date_gmt":"2025-09-18T12:28:29","guid":{"rendered":"https:\/\/corrientesdetarde.com\/?p=227508"},"modified":"2025-09-18T09:28:39","modified_gmt":"2025-09-18T12:28:39","slug":"corrientes-vivio-una-jornada-historica-en-defensa-de-la-educacion-publica","status":"publish","type":"post","link":"https:\/\/corrientesdetarde.com\/index.php\/informacion-general\/corrientes-vivio-una-jornada-historica-en-defensa-de-la-educacion-publica\/","title":{"rendered":"Corrientes vivi\u00f3 una jornada hist\u00f3rica en defensa de la educaci\u00f3n p\u00fablica"},"content":{"rendered":"\n<p>Bajo un sol abrasador que empuj\u00f3 el term\u00f3metro por encima de los 30\u00b0C, cientos\u00a0de correntinos comenzaron a concentrarse en el parque Camb\u00e1 Cu\u00e1 este mi\u00e9rcoles, para la\u00a0<strong>Tercera Marcha Universitaria<\/strong>\u00a0en\u00a0<strong>Corrientes<\/strong>. Banderas argentinas, pancartas y carteles con consignas a favor de la\u00a0<strong>educaci\u00f3n p\u00fablica\u00a0<\/strong>marcaron el pulso de una jornada que busc\u00f3 reforzar el reclamo por mayor presupuesto para las<strong>\u00a0universidades<\/strong>.<\/p>\n\n\n\n<p>La movilizaci\u00f3n avanz\u00f3 luego por la calle 25 de Mayo, hasta llegar al&nbsp;<strong>rectorado de la Universidad Nacional del Nordeste (<\/strong>Unne). All\u00ed, las agrupaciones estudiantiles y sindicales leyeron un documento contra el veto presidencial y reafirmaron su compromiso de sostener la lucha.<\/p>\n\n\n\n<p>El\u00a0<strong>rector de la Unne, Omar Larroza<\/strong> se\u00f1al\u00f3: \u201cMuy contentos, realmente ha sido un trabajo enorme de todos los rectores, a todos los diputados que han podido coordinar una sesi\u00f3n para poder llegar a los dos tercios que era necesario para la ley. Ese era el escenario m\u00e1s dif\u00edcil que ten\u00edamos hoy por los diputados\u201d.<\/p>\n\n\n\n<p><img decoding=\"async\" src=\"https:\/\/pxcdn.ellitoral.com.ar\/litoral\/092025\/1758159718783.jpeg?cw=446\" alt=\"Marcha Federal: Corrientes vivi\u00f3 una jornada hist\u00f3rica en defensa de la educaci\u00f3n p\u00fablica\"><\/p>\n\n\n\n<p>Omar Larroza, rector de la Universidad Nacional del Nordeste.<\/p>\n\n\n\n<p>Larroza explic\u00f3 adem\u00e1s que el proceso legislativo a\u00fan no concluye y que la atenci\u00f3n est\u00e1 puesta ahora en la C\u00e1mara de Senadores.<\/p>\n\n\n\n<p><strong>&nbsp;\u201cAhora vamos paso a paso, vamos a senadores.&nbsp;<\/strong>Siguen las instancias de negociaci\u00f3n con la ley de presupuestos\u201d, indic\u00f3 a este medio.&nbsp;<\/p>\n\n\n\n<p>Con tono esperanzado, el rector plante\u00f3 que \u201ctodos los escenarios posibles para que esto pueda realmente tener un final feliz, que es la&nbsp;<strong>aprobaci\u00f3n de una ley de financiamiento para el sistema universitario<\/strong>\u201d.<\/p>\n\n\n\n<figure class=\"wp-block-image\"><img decoding=\"async\" src=\"https:\/\/pxcdn.ellitoral.com.ar\/litoral\/092025\/1758158839358.jpeg?cw=446\" alt=\"Marcha Federal: Corrientes vivi\u00f3 una jornada hist\u00f3rica en defensa de la educaci\u00f3n p\u00fablica\" title=\"Marcha Federal: Corrientes vivi\u00f3 una jornada hist\u00f3rica en defensa de la educaci\u00f3n p\u00fablica-\"\/><\/figure>\n\n\n\n<p>La C\u00e1mara de Diputados de la Naci\u00f3n rechaz\u00f3 este martes el veto presidencial a la&nbsp;<strong>Ley de Financiamiento Universitario<\/strong>&nbsp;con&nbsp;<strong>174 votos a favor y 67 en contra<\/strong>. La decisi\u00f3n represent\u00f3 un triunfo clave para el sistema universitario, ya que se alcanz\u00f3 la mayor\u00eda especial de dos tercios necesaria para dejar sin efecto la medida impulsada por el Ejecutivo.<\/p>\n\n\n\n<p>Con esta definici\u00f3n, el debate se traslada ahora al Senado, donde deber\u00e1 ratificarse la postura legislativa para que la norma quede firme y se garantice un presupuesto espec\u00edfico destinado a las universidades p\u00fablicas de todo el pa\u00eds.<\/p>\n\n\n\n<figure class=\"wp-block-image\"><img decoding=\"async\" src=\"https:\/\/pxcdn.ellitoral.com.ar\/litoral\/092025\/1758159894256.jpeg?cw=807\" alt=\"Marcha Federal: Corrientes vivi\u00f3 una jornada hist\u00f3rica en defensa de la educaci\u00f3n p\u00fablica\" title=\"Marcha Federal: Corrientes vivi\u00f3 una jornada hist\u00f3rica en defensa de la educaci\u00f3n p\u00fablica-\"\/><\/figure>\n\n\n\n<h3 class=\"wp-block-heading\">Testimonios de correntinos que participaron de la marcha&nbsp;<\/h3>\n\n\n\n<p>La marcha tambi\u00e9n dej\u00f3 espacio para la<strong>&nbsp;voz de los ciudadanos&nbsp;<\/strong>que se movilizaron en defensa de la universidad p\u00fablica.<\/p>\n\n\n\n<figure class=\"wp-block-image\"><img decoding=\"async\" src=\"https:\/\/pxcdn.ellitoral.com.ar\/litoral\/092025\/1758158723475.jpg?cw=807\" alt=\"Marcha Federal: Corrientes vivi\u00f3 una jornada hist\u00f3rica en defensa de la educaci\u00f3n p\u00fablica\" title=\"Marcha Federal: Corrientes vivi\u00f3 una jornada hist\u00f3rica en defensa de la educaci\u00f3n p\u00fablica-\"\/><\/figure>\n\n\n\n<p><strong>Pablo Paparella, acompa\u00f1\u00f3 la marcha:<\/strong>\u00a0\u201cEstamos defendiendo la universidad p\u00fablica, la educaci\u00f3n p\u00fablica. Yo me he formado en escuelas primarias, secundarias, terciarias, en entidades p\u00fablicas. Estamos defendiendo para nuestros hijos y nuestros nietos la misma formaci\u00f3n que tuvimos\u201d.\u00a0<\/p>\n\n\n\n<p>&nbsp;\u201cYo me form\u00e9 en m\u00fasica. Unos a\u00f1os en arquitectura y despu\u00e9s me form\u00e9 en m\u00fasica en un conservatorio en la provincia de Buenos Aires. Tengo un hijo ingeniero que estudi\u00f3 en Resistencia y mi hija estudia musicoterapia en la UBA\u201d.<\/p>\n\n\n\n<figure class=\"wp-block-image\"><img decoding=\"async\" src=\"https:\/\/pxcdn.ellitoral.com.ar\/litoral\/092025\/1758159716009.jpeg?cw=446\" alt=\"Marcha Federal: Corrientes vivi\u00f3 una jornada hist\u00f3rica en defensa de la educaci\u00f3n p\u00fablica\" title=\"Marcha Federal: Corrientes vivi\u00f3 una jornada hist\u00f3rica en defensa de la educaci\u00f3n p\u00fablica-\"\/><\/figure>\n\n\n\n<p>Otro testimonio que emocion\u00f3 fue el d<strong>e Silvia Paz, abogada y docente correntina.&nbsp;<\/strong><\/p>\n\n\n\n<p>\u201cLa universidad representa oportunidades, para m\u00ed represent\u00f3 oportunidades, tambi\u00e9n ahora soy trabajadora de la universidad ya hace muchos a\u00f1os, y creo que es la movilidad social ascendente para toda la ciudadan\u00eda. Estoy muy agradecida,&nbsp;<strong>soy la primera egresada universitaria de mi familia&nbsp;<\/strong>y lo que hace la educaci\u00f3n p\u00fablica es generar oportunidades,&nbsp;para que todos los chicos que tengan el deseo, las ganas de estudiar o de progresar, de crecer intelectualmente, puedan hacerlo y desenvolverse en el \u00e1rea de conocimiento que m\u00e1s les interese\u201d, expres\u00f3 con la voz entrecortada.<\/p>\n\n\n\n<figure class=\"wp-block-image\"><img decoding=\"async\" src=\"https:\/\/pxcdn.ellitoral.com.ar\/litoral\/092025\/1758160339041.jpeg?cw=807\" alt=\"Marcha Federal: Corrientes vivi\u00f3 una jornada hist\u00f3rica en defensa de la educaci\u00f3n p\u00fablica\" title=\"Marcha Federal: Corrientes vivi\u00f3 una jornada hist\u00f3rica en defensa de la educaci\u00f3n p\u00fablica-\"\/><\/figure>\n\n\n\n<p>Con orgullo, tambi\u00e9n comparti\u00f3 parte de su recorrido acad\u00e9mico y profesional: \u201cYo soy profesora de nivel terciario, soy abogada. Estoy haciendo una especializaci\u00f3n del derecho administrativo y la verdad que me enorgullece ser parte de esto\u201d.<\/p>\n\n\n\n<p>La jornada en Corrientes, atravesada por el calor y la masiva presencia de estudiantes, docentes y familias enteras, se sum\u00f3 a las movilizaciones en todo el pa\u00eds. El mensaje fue un\u00e1nime, defender la universidad p\u00fablica como un derecho y como un motor de igualdad de oportunidades.<\/p>\n","protected":false},"excerpt":{"rendered":"<p>Bajo un sol abrasador que empuj\u00f3 el term\u00f3metro por encima de los 30\u00b0C, cientos\u00a0de correntinos comenzaron a concentrarse en el parque Camb\u00e1 Cu\u00e1 este mi\u00e9rcoles, para la\u00a0Tercera Marcha Universitaria\u00a0en\u00a0Corrientes. Banderas&hellip; <\/p>\n","protected":false},"author":1,"featured_media":227509,"comment_status":"closed","ping_status":"open","sticky":false,"template":"","format":"standard","meta":{"footnotes":""},"categories":[1],"tags":[],"class_list":["post-227508","post","type-post","status-publish","format-standard","has-post-thumbnail","hentry","category-informacion-general"],"_links":{"self":[{"href":"https:\/\/corrientesdetarde.com\/index.php\/wp-json\/wp\/v2\/posts\/227508","targetHints":{"allow":["GET"]}}],"collection":[{"href":"https:\/\/corrientesdetarde.com\/index.php\/wp-json\/wp\/v2\/posts"}],"about":[{"href":"https:\/\/corrientesdetarde.com\/index.php\/wp-json\/wp\/v2\/types\/post"}],"author":[{"embeddable":true,"href":"https:\/\/corrientesdetarde.com\/index.php\/wp-json\/wp\/v2\/users\/1"}],"replies":[{"embeddable":true,"href":"https:\/\/corrientesdetarde.com\/index.php\/wp-json\/wp\/v2\/comments?post=227508"}],"version-history":[{"count":1,"href":"https:\/\/corrientesdetarde.com\/index.php\/wp-json\/wp\/v2\/posts\/227508\/revisions"}],"predecessor-version":[{"id":227511,"href":"https:\/\/corrientesdetarde.com\/index.php\/wp-json\/wp\/v2\/posts\/227508\/revisions\/227511"}],"wp:featuredmedia":[{"embeddable":true,"href":"https:\/\/corrientesdetarde.com\/index.php\/wp-json\/wp\/v2\/media\/227509"}],"wp:attachment":[{"href":"https:\/\/corrientesdetarde.com\/index.php\/wp-json\/wp\/v2\/media?parent=227508"}],"wp:term":[{"taxonomy":"category","embeddable":true,"href":"https:\/\/corrientesdetarde.com\/index.php\/wp-json\/wp\/v2\/categories?post=227508"},{"taxonomy":"post_tag","embeddable":true,"href":"https:\/\/corrientesdetarde.com\/index.php\/wp-json\/wp\/v2\/tags?post=227508"}],"curies":[{"name":"wp","href":"https:\/\/api.w.org\/{rel}","templated":true}]}}