{"id":227510,"date":"2025-09-18T11:37:51","date_gmt":"2025-09-18T14:37:51","guid":{"rendered":"https:\/\/corrientesdetarde.com\/?p=227510"},"modified":"2025-09-18T11:37:57","modified_gmt":"2025-09-18T14:37:57","slug":"el-empresario-federico-cheme-fue-procesado-por-narcotrafico","status":"publish","type":"post","link":"https:\/\/corrientesdetarde.com\/index.php\/crimen-y-justicia\/el-empresario-federico-cheme-fue-procesado-por-narcotrafico\/","title":{"rendered":"El empresario Federico Cheme fue procesado por narcotr\u00e1fico"},"content":{"rendered":"\n<p>El empresario\u00a0<strong>Federico Cheme\u00a0<\/strong>fue procesado por narcotr\u00e1fico, inform\u00f3 la\u00a0<strong>Justicia Federal\u00a0<\/strong>en\u00a0<strong>Corrientes<\/strong>. Cabe recordar que fue\u00a0<strong>detenido\u00a0<\/strong>con\u00a0<strong>dos kilos de coca\u00edna\u00a0<\/strong>en junio durante una\u00a0<strong>redada<\/strong>.<\/p>\n\n\n\n<p><\/p>\n\n\n\n<p>El&nbsp;<strong>juez Gustavo Fresneda&nbsp;<\/strong>fue el encargado de dar por sentado el proceso.<\/p>\n\n\n\n<p>Los&nbsp;<strong>hechos&nbsp;<\/strong>que involucran a Cheme en un&nbsp;<strong>caso de narcotr\u00e1fico&nbsp;<\/strong>se remontan a la noche del&nbsp;<strong>23 de junio,&nbsp;<\/strong>cuando fue&nbsp;<strong>detenido&nbsp;<\/strong>con un&nbsp;<strong>grupo de personas<\/strong>, distribuidas en&nbsp;<strong>dos veh\u00edculos<\/strong>, mientras&nbsp;<strong>transportaba dos kilos de coca\u00edna<\/strong>.<\/p>\n\n\n\n<p>Luego de su detenci\u00f3n, el&nbsp;<strong>empresario&nbsp;<\/strong>pidi\u00f3 ser&nbsp;<strong>trasladado a un centro asistencial&nbsp;<\/strong>par ser internado bajo supervisi\u00f3n profesional. Tambi\u00e9n solicit\u00f3 la&nbsp;<strong>excarcelaci\u00f3n&nbsp;<\/strong>y&nbsp;<strong>prisi\u00f3n domiciliaria<\/strong>, pero&nbsp;<strong>todos los pedidos le fueron negados<\/strong>.<\/p>\n\n\n\n<figure class=\"wp-block-image\"><img decoding=\"async\" src=\"https:\/\/pxcdn.ellitoral.com.ar\/litoral\/092025\/1758203785548.webp?cw=807\" alt=\"El empresario Federico Cheme fue procesado por narcotr\u00e1fico\" title=\"El empresario Federico Cheme fue procesado por narcotr\u00e1fico-\"\/><\/figure>\n","protected":false},"excerpt":{"rendered":"<p>El empresario\u00a0Federico Cheme\u00a0fue procesado por narcotr\u00e1fico, inform\u00f3 la\u00a0Justicia Federal\u00a0en\u00a0Corrientes. Cabe recordar que fue\u00a0detenido\u00a0con\u00a0dos kilos de coca\u00edna\u00a0en junio durante una\u00a0redada. El&nbsp;juez Gustavo Fresneda&nbsp;fue el encargado de dar por sentado el proceso.&hellip; <\/p>\n","protected":false},"author":1,"featured_media":227521,"comment_status":"closed","ping_status":"open","sticky":false,"template":"","format":"standard","meta":{"footnotes":""},"categories":[5],"tags":[],"class_list":["post-227510","post","type-post","status-publish","format-standard","has-post-thumbnail","hentry","category-crimen-y-justicia"],"_links":{"self":[{"href":"https:\/\/corrientesdetarde.com\/index.php\/wp-json\/wp\/v2\/posts\/227510","targetHints":{"allow":["GET"]}}],"collection":[{"href":"https:\/\/corrientesdetarde.com\/index.php\/wp-json\/wp\/v2\/posts"}],"about":[{"href":"https:\/\/corrientesdetarde.com\/index.php\/wp-json\/wp\/v2\/types\/post"}],"author":[{"embeddable":true,"href":"https:\/\/corrientesdetarde.com\/index.php\/wp-json\/wp\/v2\/users\/1"}],"replies":[{"embeddable":true,"href":"https:\/\/corrientesdetarde.com\/index.php\/wp-json\/wp\/v2\/comments?post=227510"}],"version-history":[{"count":1,"href":"https:\/\/corrientesdetarde.com\/index.php\/wp-json\/wp\/v2\/posts\/227510\/revisions"}],"predecessor-version":[{"id":227523,"href":"https:\/\/corrientesdetarde.com\/index.php\/wp-json\/wp\/v2\/posts\/227510\/revisions\/227523"}],"wp:featuredmedia":[{"embeddable":true,"href":"https:\/\/corrientesdetarde.com\/index.php\/wp-json\/wp\/v2\/media\/227521"}],"wp:attachment":[{"href":"https:\/\/corrientesdetarde.com\/index.php\/wp-json\/wp\/v2\/media?parent=227510"}],"wp:term":[{"taxonomy":"category","embeddable":true,"href":"https:\/\/corrientesdetarde.com\/index.php\/wp-json\/wp\/v2\/categories?post=227510"},{"taxonomy":"post_tag","embeddable":true,"href":"https:\/\/corrientesdetarde.com\/index.php\/wp-json\/wp\/v2\/tags?post=227510"}],"curies":[{"name":"wp","href":"https:\/\/api.w.org\/{rel}","templated":true}]}}