{"id":227522,"date":"2025-09-18T16:23:10","date_gmt":"2025-09-18T19:23:10","guid":{"rendered":"https:\/\/corrientesdetarde.com\/?p=227522"},"modified":"2025-09-18T16:23:21","modified_gmt":"2025-09-18T19:23:21","slug":"maria-itati-yo-no-se-ensenar-sin-involucrarme-con-la-realidad-de-mis-alumnos","status":"publish","type":"post","link":"https:\/\/corrientesdetarde.com\/index.php\/eventossociedad\/maria-itati-yo-no-se-ensenar-sin-involucrarme-con-la-realidad-de-mis-alumnos\/","title":{"rendered":"Mar\u00eda Itat\u00ed: \u201cYo no s\u00e9 ense\u00f1ar sin involucrarme con la realidad de mis alumnos\u201d"},"content":{"rendered":"\n<p>Todas las personas tienen la posibilidad de hacer del mundo un lugar mejor, pero pocas son las que eligen dedicar su vida a esta empresa que es sin dudas, tan desgastante como gratificante. Mar\u00eda Itat\u00ed (Marita) Ortega es de Alvear, es maestra y es una de las que frente al habitual \u201cs\u00e1lvese quien pueda\u201d, opt\u00f3 por marcar la diferencia y utilizar su profesi\u00f3n para, desde la escuela, intentar hacer que sus ni\u00f1os, alcancen un futuro m\u00e1s grande. El martes pasado, Marita (embarazada) se iba a casar con Rodrigo, pero decidi\u00f3 posponerlo para poder estar presente en el acto donde, ese mismo d\u00eda, \u00a0el Gobierno Provincial y el Ministerio de Educaci\u00f3n la reconocer\u00edan como una de las docentes destacadas de Corrientes. \u201cYo\u00a0no estaba por venir, pero Rodri me insisti\u00f3 porque esto es un reconocimiento a tantos sacrificios y es la se\u00f1al de que elegimos el camino correcto\u201d, cont\u00f3.<\/p>\n\n\n\n<p><\/p>\n\n\n\n<p>Hace once a\u00f1os en Alvear, Mar\u00eda&nbsp;Itati Ortega recib\u00eda su t\u00edtulo docente e iniciaba as\u00ed un camino signado por el servicio, el amor y la entrega. \u201cEn educaci\u00f3n por supuesto que tenemos que ense\u00f1ar contenidos, pero tan importante como eso es el c\u00f3mo lo hacemos. En nuestro d\u00eda a d\u00eda, los docentes nos encontramos con muchos ni\u00f1os que, antes qu\u00e9 conocimientos necesitan recibir atenci\u00f3n y afecto, porque estamos en una sociedad llena de carencias en la familia y a veces el docente es lo \u00fanico que tienen\u201d, dijo durante una charla con el \u00e1rea de prensa de la cartera educativa, oportunidad en la que remarc\u00f3 \u201ctenemos que ser muy responsables con lo que decimos, porque una palabra si es negativa los puede marcar para mal, y si es buena puede redirigir toda su vida hacia un futuro lleno de nuevas posibilidades\u201d.<\/p>\n\n\n\n<p>Una de las razones por las que Marita fue elegida como docente destacada 2025 fue justamente su excelencia frente al aula, \u201cyo no puedo dejar de lado la emoci\u00f3n. Yo quiero como hijos a mis alumnos y por eso observo muy detalladamente a cada uno, puedo detectar cuando alguno tiene dificultades o quien pasa por cierta situaci\u00f3n. Yo no s\u00e9 ense\u00f1ar sin involucrarme\u201d, remarc\u00f3.<\/p>\n\n\n\n<p><strong>&nbsp;\u201cSe\u00f1o, no tomo una gota de alcohol\u201d<\/strong><\/p>\n\n\n\n<p>An\u00e9cdotas en la historia de esta maestra hay cientos, pero una de las que ella recuerda con m\u00e1s amor tiene que ver con un alumno de Pellegrini que ten\u00eda entre 14 y 15 a\u00f1os. \u201c\u00c9l era muy bueno y muy educado como todos sus compa\u00f1eros y en una oportunidad lo not\u00e9 muy risue\u00f1o y gracioso. Me llam\u00f3 la atenci\u00f3n porque era un chico tranquilo. Cuando le pregunt\u00e9 qu\u00e9 le pasaba, el compa\u00f1ero me dijo \u201cest\u00e1 alcoholizado maestra\u201d. Hab\u00eda estado tomando con su t\u00edo. Yo primero me enoj\u00e9, despu\u00e9s la directora le habl\u00f3 y \u00e9l entendi\u00f3\u201d, record\u00f3 y continu\u00f3 su relat\u00f3: \u201cVolvimos a la clases y yo no pude seguir, me largue a llorar y le dije \u201cmi hijo, tenes 14 a\u00f1os, como vas a hacer eso con tu vida, tenes&nbsp; que pensar en tu futuro, no te hagas da\u00f1o\u201d. Despu\u00e9s vino la pandemia, termin\u00f3 mi suplencia ah\u00ed. A\u00f1os m\u00e1s tarde \u00e9l me mand\u00f3 un mensaje cont\u00e1ndome que estaba trabajando en el campo. Le digo \u201c\u00bfy la escuela?\u201d pero me dijo que no quer\u00eda volver\u201d.<\/p>\n\n\n\n<p>La historia no termin\u00f3 ah\u00ed, en el 2022 Marita qued\u00f3 titular en Pellegrini \u201cvolv\u00ed a trabajar all\u00e1 y yo me hab\u00eda olvidado de lo que pas\u00f3. Un d\u00eda me estaba preparando para un acto en una peluquer\u00eda y un chico que estaba esperando turno me dijo \u201c\u00bfse acuerda de m\u00ed?\u201d, me record\u00f3 su nombre, nos saludamos y volv\u00ed a preguntarle por la escuela pero \u00e9l me volvi\u00f3 a decir que eso no era para \u00e9l, yo le dije que s\u00ed, que pod\u00eda estudiar en la nocturna, uno siempre como docente queriendo llevarlo de nuevo al sistema. La peluquera me dijo \u00e9l est\u00e1 por ser pap\u00e1 y \u00e9l me dice \u201cse\u00f1o, no tomo una gota de alcohol\u201d finaliz\u00f3 entre l\u00e1grimas.<\/p>\n\n\n\n<p>Despu\u00e9s de esto la docente reflexion\u00f3: \u201cMe emociono cada vez que me acuerdo porque si bien no le pude llegar en lo acad\u00e9mico, algo que yo hice y que es genuino, a \u00e9l le cambi\u00f3 la vida, y esos son los regalos que nos da la docencia\u201d.<\/p>\n\n\n\n<p><strong>Cartas con amor<\/strong><\/p>\n\n\n\n<p>Varias fueron las an\u00e9cdotas que cont\u00f3 la maestra alvearense. Una de ellas habla de cartas que envi\u00f3 a sus alumnos y el impacto que ellas generaron. \u201cCuando termin\u00e9 mi pr\u00e1ctica en una escuela escrib\u00ed cartas para cada alumno hablando de sus fortalezas y debilidades. Fueron cartas que me salieron del coraz\u00f3n con mucho amor y respeto. Eran nenes de tercer grado, y las mam\u00e1s me contaban que las ten\u00edan pegadas en la heladera y todos los d\u00edas les hac\u00edan leer a los papas. Hay una nena que me contact\u00f3 terminando la secundaria en la escuela agrot\u00e9cnica, y me dijo que ella cada tanto lee de nuevo la carta porque fue muy importante para elevar su autoestima\u201d.<\/p>\n\n\n\n<p><strong>El casamiento<\/strong><\/p>\n\n\n\n<p>Marita tiene 3 hijos (Joel, Mena y Roni) y espera el cuarto. \u201cYo no sab\u00eda que estaba embarazada. Vivo en Alvear y viajo todos los d\u00edas hasta la escuela&nbsp;N\u00b0 126 Remedios de Escalada de Paraje Remanso. Me tomo un colectivo, me bajo en la ruta y hago 4 o 5 km en una bicicleta plegable que me compre. Mientras hac\u00eda calor a la salida de la escuela los colectivos me alzaban, despu\u00e9s cuando empez\u00f3 a ser muy oscuro yo ten\u00eda que pedalear otros 7 km hasta el pr\u00f3ximo pueblo (yo tengo turno tarde), me agarraba lluvia y tormentas. Y como no sab\u00eda que estaba embarazada lo segu\u00eda haciendo, despu\u00e9s me tuve que mudar a la escuela hasta que ya no pude m\u00e1s y ped\u00ed licencia porque el embarazo se complic\u00f3 un poco\u201d dijo.<\/p>\n\n\n\n<p>Adem\u00e1s de esto, Marita y su pareja Rodrigo hab\u00edan decidido casarse \u201cHace rato que quer\u00edamos casarnos, y justo nos dieron fecha para el martes 16 de septiembre, pero despu\u00e9s me avisaron desde el Ministerio de Educaci\u00f3n que ese d\u00eda el Gobernador y la ministra Pr\u00e1xedes L\u00f3pez me iban a dar un reconocimiento. Yo no estaba por venir porque con mi embarazo estaba de reposo, incluso hace 3 d\u00edas estuve internada, pero ya est\u00e1 todo bien. Fue Rodrigo el que me insisti\u00f3 para que viniera. Despu\u00e9s de tener una charla, los dos entendimos que es un reconocimiento a tantos sacrificios y es la se\u00f1al de que elegimos el camino correcto. Nosotros somos muy optimistas y siempre vamos para adelante, por eso elegimos cambiar la fecha del casamiento y pude viajar a Corrientes para estar en el acto\u201d, cont\u00f3.<\/p>\n\n\n\n<p>As\u00ed fue que el martes pasado Mar\u00eda Itat\u00ed recibi\u00f3 su premio junto con otros 21 educadores de todo el territorio provincial cuya tarea diaria representa fielmente el esp\u00edritu de la educaci\u00f3n correntina<\/p>\n","protected":false},"excerpt":{"rendered":"<p>Todas las personas tienen la posibilidad de hacer del mundo un lugar mejor, pero pocas son las que eligen dedicar su vida a esta empresa que es sin dudas, tan&hellip; <\/p>\n","protected":false},"author":1,"featured_media":227538,"comment_status":"closed","ping_status":"open","sticky":false,"template":"","format":"standard","meta":{"footnotes":""},"categories":[1208],"tags":[],"class_list":["post-227522","post","type-post","status-publish","format-standard","has-post-thumbnail","hentry","category-eventossociedad"],"_links":{"self":[{"href":"https:\/\/corrientesdetarde.com\/index.php\/wp-json\/wp\/v2\/posts\/227522","targetHints":{"allow":["GET"]}}],"collection":[{"href":"https:\/\/corrientesdetarde.com\/index.php\/wp-json\/wp\/v2\/posts"}],"about":[{"href":"https:\/\/corrientesdetarde.com\/index.php\/wp-json\/wp\/v2\/types\/post"}],"author":[{"embeddable":true,"href":"https:\/\/corrientesdetarde.com\/index.php\/wp-json\/wp\/v2\/users\/1"}],"replies":[{"embeddable":true,"href":"https:\/\/corrientesdetarde.com\/index.php\/wp-json\/wp\/v2\/comments?post=227522"}],"version-history":[{"count":1,"href":"https:\/\/corrientesdetarde.com\/index.php\/wp-json\/wp\/v2\/posts\/227522\/revisions"}],"predecessor-version":[{"id":227539,"href":"https:\/\/corrientesdetarde.com\/index.php\/wp-json\/wp\/v2\/posts\/227522\/revisions\/227539"}],"wp:featuredmedia":[{"embeddable":true,"href":"https:\/\/corrientesdetarde.com\/index.php\/wp-json\/wp\/v2\/media\/227538"}],"wp:attachment":[{"href":"https:\/\/corrientesdetarde.com\/index.php\/wp-json\/wp\/v2\/media?parent=227522"}],"wp:term":[{"taxonomy":"category","embeddable":true,"href":"https:\/\/corrientesdetarde.com\/index.php\/wp-json\/wp\/v2\/categories?post=227522"},{"taxonomy":"post_tag","embeddable":true,"href":"https:\/\/corrientesdetarde.com\/index.php\/wp-json\/wp\/v2\/tags?post=227522"}],"curies":[{"name":"wp","href":"https:\/\/api.w.org\/{rel}","templated":true}]}}