{"id":227524,"date":"2025-09-18T16:13:09","date_gmt":"2025-09-18T19:13:09","guid":{"rendered":"https:\/\/corrientesdetarde.com\/?p=227524"},"modified":"2025-09-18T16:13:14","modified_gmt":"2025-09-18T19:13:14","slug":"este-lunes-22-comienza-el-pago-delplus-especial-para-municipales","status":"publish","type":"post","link":"https:\/\/corrientesdetarde.com\/index.php\/locales\/este-lunes-22-comienza-el-pago-delplus-especial-para-municipales\/","title":{"rendered":"Este lunes 22 comienza el pago delplus especial para municipales"},"content":{"rendered":"\n<p>El cronograma se extender\u00e1 hasta el jueves 25, teniendo en cuenta el asueto del 24 por el D\u00eda de la Virgen de la Merced, seg\u00fan anunci\u00f3 el intendente Eduardo Tassano a trav\u00e9s de sus redes.<\/p>\n\n\n\n<p>Los trabajadores de planta, contrato y los agentes Neike bancarizados tendr\u00e1n depositado el pago del plus en sus respectivas cuentas bancarias este mismo lunes 22 de septiembre, dinero al que podr\u00e1n acceder a trav\u00e9s de los cajeros autom\u00e1ticos habilitados.<br>Por su parte, aquellos trabajadores Neike que no est\u00e1n bancarizados deber\u00e1n dirigirse a la Caja Municipal de Pr\u00e9stamos (CMP), en su sede central, ubicada en Brasil 1269. Los pagos se realizan de lunes a viernes, de 7:30 a 12:30 y de 16 a 20.<br>En este caso, el lunes 22 de septiembre les corresponder\u00e1 cobrar a los trabajadores cuyos DNI terminen en 0, 1 y 2. En tanto que el martes 23, ser\u00e1 el turno de los agentes con DNI finalizados en 3, 4, 5 y 6.<br>Como el mi\u00e9rcoles 24 de septiembre es asueto por el d\u00eda de la Patrona de la ciudad, el cronograma finalizar\u00e1 el jueves 25, con documentos terminados en 7, 8 y 9.<br>En tanto, los Neike bancarizados pero que no poseen tarjeta de d\u00e9bito, deber\u00e1n cobrar por ventanilla del Banco de Corrientes (sucursal av. Teniente Ib\u00e1\u00f1ez 1826) de acuerdo al cronograma detallado anteriormente, que va del lunes 22 al jueves 25 de septiembre.<\/p>\n\n\n\n<figure class=\"wp-block-image size-full\"><img loading=\"lazy\" decoding=\"async\" width=\"534\" height=\"926\" src=\"https:\/\/corrientesdetarde.com\/wp-content\/uploads\/2025\/09\/image-613.png\" alt=\"\" class=\"wp-image-227533\" srcset=\"https:\/\/corrientesdetarde.com\/wp-content\/uploads\/2025\/09\/image-613.png 534w, https:\/\/corrientesdetarde.com\/wp-content\/uploads\/2025\/09\/image-613-173x300.png 173w\" sizes=\"auto, (max-width: 534px) 100vw, 534px\" \/><\/figure>\n\n\n\n<p><\/p>\n","protected":false},"excerpt":{"rendered":"<p>El cronograma se extender\u00e1 hasta el jueves 25, teniendo en cuenta el asueto del 24 por el D\u00eda de la Virgen de la Merced, seg\u00fan anunci\u00f3 el intendente Eduardo Tassano&hellip; <\/p>\n","protected":false},"author":1,"featured_media":227534,"comment_status":"closed","ping_status":"open","sticky":false,"template":"","format":"standard","meta":{"footnotes":""},"categories":[8],"tags":[],"class_list":["post-227524","post","type-post","status-publish","format-standard","has-post-thumbnail","hentry","category-locales"],"_links":{"self":[{"href":"https:\/\/corrientesdetarde.com\/index.php\/wp-json\/wp\/v2\/posts\/227524","targetHints":{"allow":["GET"]}}],"collection":[{"href":"https:\/\/corrientesdetarde.com\/index.php\/wp-json\/wp\/v2\/posts"}],"about":[{"href":"https:\/\/corrientesdetarde.com\/index.php\/wp-json\/wp\/v2\/types\/post"}],"author":[{"embeddable":true,"href":"https:\/\/corrientesdetarde.com\/index.php\/wp-json\/wp\/v2\/users\/1"}],"replies":[{"embeddable":true,"href":"https:\/\/corrientesdetarde.com\/index.php\/wp-json\/wp\/v2\/comments?post=227524"}],"version-history":[{"count":1,"href":"https:\/\/corrientesdetarde.com\/index.php\/wp-json\/wp\/v2\/posts\/227524\/revisions"}],"predecessor-version":[{"id":227535,"href":"https:\/\/corrientesdetarde.com\/index.php\/wp-json\/wp\/v2\/posts\/227524\/revisions\/227535"}],"wp:featuredmedia":[{"embeddable":true,"href":"https:\/\/corrientesdetarde.com\/index.php\/wp-json\/wp\/v2\/media\/227534"}],"wp:attachment":[{"href":"https:\/\/corrientesdetarde.com\/index.php\/wp-json\/wp\/v2\/media?parent=227524"}],"wp:term":[{"taxonomy":"category","embeddable":true,"href":"https:\/\/corrientesdetarde.com\/index.php\/wp-json\/wp\/v2\/categories?post=227524"},{"taxonomy":"post_tag","embeddable":true,"href":"https:\/\/corrientesdetarde.com\/index.php\/wp-json\/wp\/v2\/tags?post=227524"}],"curies":[{"name":"wp","href":"https:\/\/api.w.org\/{rel}","templated":true}]}}