{"id":227530,"date":"2025-09-18T12:43:40","date_gmt":"2025-09-18T15:43:40","guid":{"rendered":"https:\/\/corrientesdetarde.com\/?p=227530"},"modified":"2025-09-18T12:43:45","modified_gmt":"2025-09-18T15:43:45","slug":"impulsan-junto-a-las-provincias-una-agenda-comun-de-gestion-ambiental","status":"publish","type":"post","link":"https:\/\/corrientesdetarde.com\/index.php\/economia\/impulsan-junto-a-las-provincias-una-agenda-comun-de-gestion-ambiental\/","title":{"rendered":"IMPULSAN JUNTO A LAS PROVINCIAS UNA AGENDA COM\u00daN DE GESTI\u00d3N AMBIENTAL"},"content":{"rendered":"\n<p>CampoLimpio articul\u00f3 la segunda edici\u00f3n de una jornada de trabajo con autoridades de 20 provincias que promovi\u00f3 el intercambio de experiencias y se centr\u00f3 en los avances y desaf\u00edos del sistema de gesti\u00f3n de envases vac\u00edos de fitosanitarios, adem\u00e1s del desarrollo regional del esquema y las opciones de destino del pl\u00e1stico recuperado.<\/p>\n\n\n\n<p>El encuentro estuvo presidido por la directora ejecutiva de CampoLimpio, Maria Julia Pisanu, y la presidenta de la Asociaci\u00f3n, Mariale Alvarez; acompa\u00f1adas por el presidente del Consejo Federal de Medioambiente (COFEMA) y secretario de Ambiente y Desarrollo Sustentable de San Luis, Federico Cacace, y el presidente de la Comisi\u00f3n Federal Fitosanitaria y secretario de Agricultura y Recursos Naturales de C\u00f3rdoba, Marcos Blanda.<\/p>\n\n\n\n<p>\u201cEste encuentro configur\u00f3 una mesa federal representativa donde promovimos el seguir trabajando para potenciar los resultados de un sistema del que estamos muy orgullosos: articulando juntos, en cinco a\u00f1os logramos estar desplegados en todo el pa\u00eds con 92 centros de almacenamiento y puntos de recepci\u00f3n para la gesti\u00f3n responsable de este residuo del agro\u201d, sostuvo Mar\u00eda Pisanu, directora ejecutiva de CampoLimpio.<br>Ademas, agreg\u00f3: \u201cYa recuperamos 20 millones de kilos de pl\u00e1stico, y esta responsabilidad extendida es ejemplo en el pa\u00eds para que otras industrias se sumen a este paradigma sustentable\u201d.<br>En este espacio, Cacace, se\u00f1al\u00f3: \u201cCelebro que hoy cada una de las provincias y cada uno de los actores venga a hacer sus aportes, porque entre lo p\u00fablico y lo privado logramos esa sinergia para mejorar en esta responsabilidad extendida que dispone la ley\u201d.<\/p>\n\n\n\n<p>Por su parte, Blanda expres\u00f3: \u201cNecesitamos ampliar los destinos finales del pl\u00e1stico reciclado, abrir nuevas oportunidades y ser creativos en los est\u00edmulos hacia los distintos actores que forman parte de esta cadena para que el sistema funcione de manera sostenible\u201d.<\/p>\n\n\n\n<p>A su turno, la Directora de Evaluaci\u00f3n y Control Ambiental Subsecretar\u00eda de Ambiente de la Naci\u00f3n, Candela Nassi, destac\u00f3: \u201cHoy ya tenemos un camino recorrido y queda demostrado que es necesaria la responsabilidad de todos. Tenemos desaf\u00edos pendientes, entre ellos el Sistema \u00danico de Trazabilidad que est\u00e1 en proceso de adjudicaci\u00f3n\u201d.<br>Esta Jornada fue un espacio para reflexionar sobre c\u00f3mo los actores pueden continuar sumando esfuerzos hacia una econom\u00eda circular y que el sistema se siga reafirmando. \u201cCelebramos que nos estamos haciendo las preguntas para mejorar. Con esta Jornada, hemos dado ejemplo de la articulaci\u00f3n p\u00fablico privada y del valor de los gobiernos provinciales en la construcci\u00f3n de este sistema\u201d, cerr\u00f3 Mar\u00eda Pisanu.<br>La reuni\u00f3n abord\u00f3 entre otros temas los de regionalizaci\u00f3n y evoluci\u00f3n del sistema, as\u00ed como destinos del pl\u00e1stico. Las provincias coincidieron en la importancia de habilitar mejores pr\u00e1cticas de gesti\u00f3n disponible enmarcadas dentro de la ley y la necesidad de espacios de discusi\u00f3n de actualizaci\u00f3n normativa y de la creaci\u00f3n del Sistema \u00danico de trazabilidad.<\/p>\n\n\n\n<p>De la jornada formaron parte representantes de la Secretar\u00eda de Agricultura, Ganader\u00eda y Pesca de la Naci\u00f3n, Servicio Nacional de Sanidad y Calidad Agroalimentarias, y autoridades de ambiente y de producci\u00f3n de las provincias Buenos Aires, Catamarca, Chaco, Chubut, C\u00f3rdoba, Corrientes, Entre R\u00edos, Jujuy, La Pampa, La Rioja, Mendoza, Misiones, Neuqu\u00e9n, Salta, San Juan, San Lu\u00eds, Santa Cruz, Santa Fe, Santiago del Estero y Tucum\u00e1n.<\/p>\n","protected":false},"excerpt":{"rendered":"<p>CampoLimpio articul\u00f3 la segunda edici\u00f3n de una jornada de trabajo con autoridades de 20 provincias que promovi\u00f3 el intercambio de experiencias y se centr\u00f3 en los avances y desaf\u00edos del&hellip; <\/p>\n","protected":false},"author":11,"featured_media":227531,"comment_status":"closed","ping_status":"open","sticky":false,"template":"","format":"standard","meta":{"footnotes":""},"categories":[20],"tags":[],"class_list":["post-227530","post","type-post","status-publish","format-standard","has-post-thumbnail","hentry","category-economia"],"_links":{"self":[{"href":"https:\/\/corrientesdetarde.com\/index.php\/wp-json\/wp\/v2\/posts\/227530","targetHints":{"allow":["GET"]}}],"collection":[{"href":"https:\/\/corrientesdetarde.com\/index.php\/wp-json\/wp\/v2\/posts"}],"about":[{"href":"https:\/\/corrientesdetarde.com\/index.php\/wp-json\/wp\/v2\/types\/post"}],"author":[{"embeddable":true,"href":"https:\/\/corrientesdetarde.com\/index.php\/wp-json\/wp\/v2\/users\/11"}],"replies":[{"embeddable":true,"href":"https:\/\/corrientesdetarde.com\/index.php\/wp-json\/wp\/v2\/comments?post=227530"}],"version-history":[{"count":1,"href":"https:\/\/corrientesdetarde.com\/index.php\/wp-json\/wp\/v2\/posts\/227530\/revisions"}],"predecessor-version":[{"id":227532,"href":"https:\/\/corrientesdetarde.com\/index.php\/wp-json\/wp\/v2\/posts\/227530\/revisions\/227532"}],"wp:featuredmedia":[{"embeddable":true,"href":"https:\/\/corrientesdetarde.com\/index.php\/wp-json\/wp\/v2\/media\/227531"}],"wp:attachment":[{"href":"https:\/\/corrientesdetarde.com\/index.php\/wp-json\/wp\/v2\/media?parent=227530"}],"wp:term":[{"taxonomy":"category","embeddable":true,"href":"https:\/\/corrientesdetarde.com\/index.php\/wp-json\/wp\/v2\/categories?post=227530"},{"taxonomy":"post_tag","embeddable":true,"href":"https:\/\/corrientesdetarde.com\/index.php\/wp-json\/wp\/v2\/tags?post=227530"}],"curies":[{"name":"wp","href":"https:\/\/api.w.org\/{rel}","templated":true}]}}