{"id":227536,"date":"2025-09-18T16:24:49","date_gmt":"2025-09-18T19:24:49","guid":{"rendered":"https:\/\/corrientesdetarde.com\/?p=227536"},"modified":"2025-09-18T16:24:55","modified_gmt":"2025-09-18T19:24:55","slug":"la-dpec-realizara-trabajos-de-mejoras-en-capital-y-el-interior-190","status":"publish","type":"post","link":"https:\/\/corrientesdetarde.com\/index.php\/informacion-general\/la-dpec-realizara-trabajos-de-mejoras-en-capital-y-el-interior-190\/","title":{"rendered":"La DPEC realizar\u00e1 trabajos de mejoras en Capital y el interior"},"content":{"rendered":"\n<p>La Direcci\u00f3n Provincial de Energ\u00eda de Corrientes comunica que, por ejecutar diversos trabajos de mantenimiento para la mejora del servicio en Capital, Goya, Virasoro, Itat\u00ed y Mocoret\u00e1, se interrumpir\u00e1 el suministro de energ\u00eda el\u00e9ctrica entre los d\u00edas viernes 19 y domingo 21 de septiembre de 2025.<\/p>\n\n\n\n<p>Es por eso que, en Capital, la Direcci\u00f3n Provincial de Energ\u00eda de Corrientes (DPEC), ejecutar\u00e1 tareas de mantenimiento de l\u00edneas de media tensi\u00f3n y por tal motivo, interrumpir\u00e1 el suministro de energ\u00eda el\u00e9ctrica, el viernes 19 de septiembre de 2025 de 08:00 a 12:00 en los barrios San Antonio, San Roque, Concepci\u00f3n y zonas de influencia.<\/p>\n\n\n\n<p>Adem\u00e1s, informa que, con motivo de realizar mejoras en el servicio, se ejecutar\u00e1n tareas de mantenimiento de L\u00edneas de Media Tensi\u00f3n, por lo cual se interrumpir\u00e1 el suministro de energ\u00eda el\u00e9ctrica en la localidad de Goya, el viernes 19 de septiembre de 2025 de 08:00 a 12:00 hs, en las zonas de Parajes Paso San Juan, San Mart\u00edn, El Duraznillo, Invernada, Paso de los \u00c1ngeles, Paso Fanegas y zonas de influencia.<\/p>\n\n\n\n<p>Tambi\u00e9n, en la localidad de Virasoro, la Direcci\u00f3n Provincial de Energ\u00eda de Corrientes (DPEC), informa que, con motivo de realizar mejoras en el servicio, se ejecutar\u00e1n tareas de mantenimiento de equipos de Media Tensi\u00f3n en una Estaci\u00f3n Transformadora, por lo cual se interrumpir\u00e1 el suministro de energ\u00eda el\u00e9ctrica el domingo 21 de septiembre de 2025 de 07:00 a 10:30 hs en las zonas del Centro, los barrios 202 Viviendas, Narciso Vega, Alfons\u00edn, Pasaje San Justo, San Felipe y zonas de influencia.<\/p>\n\n\n\n<p>Asimismo, informa que, con motivo de realizar mejoras en el servicio, se ejecutar\u00e1n tareas de mantenimiento de L\u00edneas de Media Tensi\u00f3n, por lo cual se interrumpir\u00e1 el suministro de energ\u00eda el\u00e9ctrica en la localidad de Itat\u00ed el viernes 19 de septiembre de 2025 de 09:00 a 11:00 hs en el Hospital, los barrios 24 Viviendas y 40 Viviendas y zonas de influencia.<\/p>\n\n\n\n<p>Por \u00faltimo, informa que, con motivo de realizar mejoras en el servicio, se ejecutar\u00e1n tareas de mantenimiento de L\u00edneas de Media Tensi\u00f3n y por lo cual se interrumpir\u00e1 el suministro de energ\u00eda el\u00e9ctrica en la localidad de Mocoret\u00e1, el viernes 19 de septiembre de 2025 de 08:00 a 09:00 hs, en las zonas de Colonia San Gregorio, Kil\u00f3metro 104 y zonas de influencia.<\/p>\n","protected":false},"excerpt":{"rendered":"<p>La Direcci\u00f3n Provincial de Energ\u00eda de Corrientes comunica que, por ejecutar diversos trabajos de mantenimiento para la mejora del servicio en Capital, Goya, Virasoro, Itat\u00ed y Mocoret\u00e1, se interrumpir\u00e1 el&hellip; <\/p>\n","protected":false},"author":1,"featured_media":227022,"comment_status":"closed","ping_status":"open","sticky":false,"template":"","format":"standard","meta":{"footnotes":""},"categories":[1],"tags":[],"class_list":["post-227536","post","type-post","status-publish","format-standard","has-post-thumbnail","hentry","category-informacion-general"],"_links":{"self":[{"href":"https:\/\/corrientesdetarde.com\/index.php\/wp-json\/wp\/v2\/posts\/227536","targetHints":{"allow":["GET"]}}],"collection":[{"href":"https:\/\/corrientesdetarde.com\/index.php\/wp-json\/wp\/v2\/posts"}],"about":[{"href":"https:\/\/corrientesdetarde.com\/index.php\/wp-json\/wp\/v2\/types\/post"}],"author":[{"embeddable":true,"href":"https:\/\/corrientesdetarde.com\/index.php\/wp-json\/wp\/v2\/users\/1"}],"replies":[{"embeddable":true,"href":"https:\/\/corrientesdetarde.com\/index.php\/wp-json\/wp\/v2\/comments?post=227536"}],"version-history":[{"count":1,"href":"https:\/\/corrientesdetarde.com\/index.php\/wp-json\/wp\/v2\/posts\/227536\/revisions"}],"predecessor-version":[{"id":227544,"href":"https:\/\/corrientesdetarde.com\/index.php\/wp-json\/wp\/v2\/posts\/227536\/revisions\/227544"}],"wp:featuredmedia":[{"embeddable":true,"href":"https:\/\/corrientesdetarde.com\/index.php\/wp-json\/wp\/v2\/media\/227022"}],"wp:attachment":[{"href":"https:\/\/corrientesdetarde.com\/index.php\/wp-json\/wp\/v2\/media?parent=227536"}],"wp:term":[{"taxonomy":"category","embeddable":true,"href":"https:\/\/corrientesdetarde.com\/index.php\/wp-json\/wp\/v2\/categories?post=227536"},{"taxonomy":"post_tag","embeddable":true,"href":"https:\/\/corrientesdetarde.com\/index.php\/wp-json\/wp\/v2\/tags?post=227536"}],"curies":[{"name":"wp","href":"https:\/\/api.w.org\/{rel}","templated":true}]}}