{"id":227537,"date":"2025-09-18T16:24:01","date_gmt":"2025-09-18T19:24:01","guid":{"rendered":"https:\/\/corrientesdetarde.com\/?p=227537"},"modified":"2025-09-18T16:24:03","modified_gmt":"2025-09-18T19:24:03","slug":"tassano-inauguro-obras-de-puesta-en-valor-y-refuncionalizacion-en-la-plaza-del-san-geronimo","status":"publish","type":"post","link":"https:\/\/corrientesdetarde.com\/index.php\/eventossociedad\/tassano-inauguro-obras-de-puesta-en-valor-y-refuncionalizacion-en-la-plaza-del-san-geronimo\/","title":{"rendered":"Tassano\u00a0inaugur\u00f3 obras de puesta en valor y refuncionalizaci\u00f3n en la plaza del San Ger\u00f3nimo"},"content":{"rendered":"\n<p>El intendente encabez\u00f3 los trabajos de revalorizaci\u00f3n del espacio p\u00fablico en dicha zona de la Capital. \u201cEstas obras en plazas y plazoletas fueron un eje de gesti\u00f3n, desde el inicio mismo. Este a\u00f1o lo hemos revalidados con la puesta en valor de 10 plazas en 10 grandes barrios de la ciudad\u201d, remarc\u00f3 Tassano.<\/p>\n\n\n\n<figure class=\"wp-block-embed is-type-video is-provider-youtube wp-block-embed-youtube wp-embed-aspect-16-9 wp-has-aspect-ratio\"><div class=\"wp-block-embed__wrapper\">\n<iframe loading=\"lazy\" title=\"Tassano inaugur\u00f3 obras de puesta en valor y refuncionalizaci\u00f3n en la plaza del San Ger\u00f3nimo\" width=\"1110\" height=\"624\" src=\"https:\/\/www.youtube.com\/embed\/CzxTwaqFaM0?feature=oembed\" frameborder=\"0\" allow=\"accelerometer; autoplay; clipboard-write; encrypted-media; gyroscope; picture-in-picture; web-share\" referrerpolicy=\"strict-origin-when-cross-origin\" allowfullscreen><\/iframe>\n<\/div><\/figure>\n\n\n\n<p>En la continuidad del fuerte impulso a la obra de infraestructura urbana,&nbsp;eje que marc\u00f3 sus dos mandatos en el Municipio, el intendente Eduardo&nbsp;Tassano encabez\u00f3 en la ma\u00f1ana de este jueves la inauguraci\u00f3n de trabajos de puesta en valor y refuncionalizaci\u00f3n de la plaza \u201cLa Tradici\u00f3n\u201d. El espacio p\u00fablico est\u00e1 ubicado en avenida Ra\u00fal Alfons\u00edn entre Lastra y avenida Laprida, en el populoso barrio San Ger\u00f3nimo.<br>En el lugar, conocido tambi\u00e9n como &#8220;El Eucaliptal&#8221;, se llevaron adelante tareas de restauraci\u00f3n de senderos internos sumado a los trabajos de colocaci\u00f3n de nuevos senderos, rampas inclusivas, nuevas \u00e1reas de juegos y multijuegos como tambi\u00e9n un espacio para realizar actividades deportivas como calistenia.<br>A su vez, se avanz\u00f3 en la restauraci\u00f3n de veredas con losetas podo t\u00e1ctiles, colocaci\u00f3n de piso de caucho, renovaci\u00f3n de mobiliario urbano, iluminaci\u00f3n Led y pintura en la Casa del Bicentenario.<br>En la oportunidad, Tassano destac\u00f3 que \u201cesta plaza es muy importante no solo para la zona sino tambi\u00e9n para la ciudad, ya que la disfrutan muchos vecinos, especialmente los fines de semana. Ac\u00e1 funcionan la Casa del Bicentenario, el centro de compras y un patio gastron\u00f3mico, adem\u00e1s de tener cerca una Sala de Atenci\u00f3n Primaria de la Salud (SAPS), varios CDI y la parroquia del lugar. As\u00ed que es un concurrido espacio p\u00fablico\u201d.<br>El intendente tambi\u00e9n resalt\u00f3 que \u201clas obras en plazas y plazoletas fueron uno de los ejes de la gesti\u00f3n, desde el primer d\u00eda. Y este a\u00f1o lo hemos revalidados con la puesta en valor de 10 plazas en 10 grandes barrios de la ciudad\u201d.<br>En este sentido, tambi\u00e9n describi\u00f3 las series de obras que se concretaron en el San Ger\u00f3nimo, siguiendo la transformaci\u00f3n de la ciudad que la gesti\u00f3n de Tassano llev\u00f3 a cabo en sus dos per\u00edodos de mandato.<br>\u201cSe trabaj\u00f3 de manera integral en todo el barrio, con obras como desag\u00fces pluviales, cord\u00f3n cuneta, ripio y pavimentaci\u00f3n, adem\u00e1s de iluminaci\u00f3n led completa y estas obras en plazas y paseos p\u00fablico\u201d, subray\u00f3.<br><br>DETALLES<br>Por su parte, el subsecretario de Infraestructura municipal, Math\u00edas Cabrera detall\u00f3 que en el lugar se llev\u00f3 adelante una transformaci\u00f3n integral donde \u201cse levantaron todos los pisos, la luminaria, mobiliario como tambi\u00e9n se trabaj\u00f3 en una instalaci\u00f3n de cero\u201d.<br>Al respecto, agreg\u00f3 que \u201cahora contamos con nuevos pisos y senderos de caminata que antes no exist\u00edan apostando a una mejor iluminaci\u00f3n, mobiliarios, bancos, cestos de basura para poder empezar a reciclar y meter esa idea en los vecinos\u201d.<br>\u201cEstamos ante una renovaci\u00f3n integral de toda la parte de juegos para los ni\u00f1os y ni\u00f1as\u201d, indic\u00f3 enumerando otras de las tareas ejecutadas en el lugar para que los vecinos \u201cpuedan venir a disfrutarla de manera segura y en familia&#8221;, subray\u00f3 el funcionario municipal.<br><br>AGRADECIMIENTO<br>En tanto, Susana Fern\u00e1ndez, vecina del barrio San Ger\u00f3nimo, destac\u00f3 los trabajos realizados en la zona y afirm\u00f3 que \u201ces importante apostar por estos espacios\u201d.<br>Finalmente, se mostr\u00f3 agradecida por las mejoras que beneficiar\u00e1n a toda la comunidad.<\/p>\n","protected":false},"excerpt":{"rendered":"<p>El intendente encabez\u00f3 los trabajos de revalorizaci\u00f3n del espacio p\u00fablico en dicha zona de la Capital. \u201cEstas obras en plazas y plazoletas fueron un eje de gesti\u00f3n, desde el inicio&hellip; <\/p>\n","protected":false},"author":1,"featured_media":227540,"comment_status":"closed","ping_status":"open","sticky":false,"template":"","format":"standard","meta":{"footnotes":""},"categories":[1208],"tags":[],"class_list":["post-227537","post","type-post","status-publish","format-standard","has-post-thumbnail","hentry","category-eventossociedad"],"_links":{"self":[{"href":"https:\/\/corrientesdetarde.com\/index.php\/wp-json\/wp\/v2\/posts\/227537","targetHints":{"allow":["GET"]}}],"collection":[{"href":"https:\/\/corrientesdetarde.com\/index.php\/wp-json\/wp\/v2\/posts"}],"about":[{"href":"https:\/\/corrientesdetarde.com\/index.php\/wp-json\/wp\/v2\/types\/post"}],"author":[{"embeddable":true,"href":"https:\/\/corrientesdetarde.com\/index.php\/wp-json\/wp\/v2\/users\/1"}],"replies":[{"embeddable":true,"href":"https:\/\/corrientesdetarde.com\/index.php\/wp-json\/wp\/v2\/comments?post=227537"}],"version-history":[{"count":1,"href":"https:\/\/corrientesdetarde.com\/index.php\/wp-json\/wp\/v2\/posts\/227537\/revisions"}],"predecessor-version":[{"id":227541,"href":"https:\/\/corrientesdetarde.com\/index.php\/wp-json\/wp\/v2\/posts\/227537\/revisions\/227541"}],"wp:featuredmedia":[{"embeddable":true,"href":"https:\/\/corrientesdetarde.com\/index.php\/wp-json\/wp\/v2\/media\/227540"}],"wp:attachment":[{"href":"https:\/\/corrientesdetarde.com\/index.php\/wp-json\/wp\/v2\/media?parent=227537"}],"wp:term":[{"taxonomy":"category","embeddable":true,"href":"https:\/\/corrientesdetarde.com\/index.php\/wp-json\/wp\/v2\/categories?post=227537"},{"taxonomy":"post_tag","embeddable":true,"href":"https:\/\/corrientesdetarde.com\/index.php\/wp-json\/wp\/v2\/tags?post=227537"}],"curies":[{"name":"wp","href":"https:\/\/api.w.org\/{rel}","templated":true}]}}