{"id":227640,"date":"2025-09-19T09:02:32","date_gmt":"2025-09-19T12:02:32","guid":{"rendered":"https:\/\/corrientesdetarde.com\/?p=227640"},"modified":"2025-09-19T09:02:33","modified_gmt":"2025-09-19T12:02:33","slug":"renuncia-masiva-de-dirigentes-de-encuentro-liberal","status":"publish","type":"post","link":"https:\/\/corrientesdetarde.com\/index.php\/politica\/renuncia-masiva-de-dirigentes-de-encuentro-liberal\/","title":{"rendered":"Renuncia masiva de dirigentes de Encuentro Liberal"},"content":{"rendered":"\n<p>Dirigentes de Encuentro Liberal (ELI) formalizaron su renuncia al partido a trav\u00e9s de una carta dirigida al presidente del espacio pol\u00edtico, Pedro &#8220;Perucho&#8221; Cassani.<\/p>\n\n\n\n<p>La misiva est\u00e1 firmada por Emilio Breard (actual subsecretario de Infraestructura Escolar del Gobierno provincial), el viceintendente de Capital Emilio Lanari, el intendente de Alvear Miguel Salvarredi, el jefe comunal de Carlos Pellegrini, Juan de la Cruz Fraga; el intendente electo de San Roque, Ra\u00fal Pelozo; el intendente electo de Alvear, Mart\u00edn Vera; el intendente electo de San Miguel, Emanuel Esquivel.<\/p>\n\n\n\n<p>Tambi\u00e9n la actual diputada provincial Ana Am\u00e9ndola; como la funcionaria de Salud P\u00fablica Susana Vega; adem\u00e1s de concejales de distintas localidades del interior y funcionarios de la Municipalidad de Capital.<\/p>\n\n\n\n<p>La grieta interna se profundiz\u00f3 cuando Cassani se alej\u00f3 del frente oficialista Vamos Corrientes con fuertes cr\u00edticas. Incluso, ELI se present\u00f3 en las \u00faltimas elecciones provincial en alianza con La Libertad Avanza con magros resultados y un cuarto lugar.<\/p>\n\n\n\n<p>&#8220;El cambio de rumbo ya no representa los valores y los ideales que llevaron a ser grande a este partido, lo que nos lleva a la conclusi\u00f3n de que ya no podemos seguir siendo parte de este espacio&#8221;, le se\u00f1alaron a Cassani.<\/p>\n","protected":false},"excerpt":{"rendered":"<p>Dirigentes de Encuentro Liberal (ELI) formalizaron su renuncia al partido a trav\u00e9s de una carta dirigida al presidente del espacio pol\u00edtico, Pedro &#8220;Perucho&#8221; Cassani. La misiva est\u00e1 firmada por Emilio&hellip; <\/p>\n","protected":false},"author":3,"featured_media":227655,"comment_status":"closed","ping_status":"open","sticky":false,"template":"","format":"standard","meta":{"footnotes":""},"categories":[3],"tags":[],"class_list":["post-227640","post","type-post","status-publish","format-standard","has-post-thumbnail","hentry","category-politica"],"_links":{"self":[{"href":"https:\/\/corrientesdetarde.com\/index.php\/wp-json\/wp\/v2\/posts\/227640","targetHints":{"allow":["GET"]}}],"collection":[{"href":"https:\/\/corrientesdetarde.com\/index.php\/wp-json\/wp\/v2\/posts"}],"about":[{"href":"https:\/\/corrientesdetarde.com\/index.php\/wp-json\/wp\/v2\/types\/post"}],"author":[{"embeddable":true,"href":"https:\/\/corrientesdetarde.com\/index.php\/wp-json\/wp\/v2\/users\/3"}],"replies":[{"embeddable":true,"href":"https:\/\/corrientesdetarde.com\/index.php\/wp-json\/wp\/v2\/comments?post=227640"}],"version-history":[{"count":1,"href":"https:\/\/corrientesdetarde.com\/index.php\/wp-json\/wp\/v2\/posts\/227640\/revisions"}],"predecessor-version":[{"id":227690,"href":"https:\/\/corrientesdetarde.com\/index.php\/wp-json\/wp\/v2\/posts\/227640\/revisions\/227690"}],"wp:featuredmedia":[{"embeddable":true,"href":"https:\/\/corrientesdetarde.com\/index.php\/wp-json\/wp\/v2\/media\/227655"}],"wp:attachment":[{"href":"https:\/\/corrientesdetarde.com\/index.php\/wp-json\/wp\/v2\/media?parent=227640"}],"wp:term":[{"taxonomy":"category","embeddable":true,"href":"https:\/\/corrientesdetarde.com\/index.php\/wp-json\/wp\/v2\/categories?post=227640"},{"taxonomy":"post_tag","embeddable":true,"href":"https:\/\/corrientesdetarde.com\/index.php\/wp-json\/wp\/v2\/tags?post=227640"}],"curies":[{"name":"wp","href":"https:\/\/api.w.org\/{rel}","templated":true}]}}