{"id":227660,"date":"2025-09-19T10:18:23","date_gmt":"2025-09-19T13:18:23","guid":{"rendered":"https:\/\/corrientesdetarde.com\/?p=227660"},"modified":"2025-09-19T10:18:54","modified_gmt":"2025-09-19T13:18:54","slug":"comunicaciones-se-reforzo-con-el-foraneo-phillip-lockett","status":"publish","type":"post","link":"https:\/\/corrientesdetarde.com\/index.php\/deportes\/comunicaciones-se-reforzo-con-el-foraneo-phillip-lockett\/","title":{"rendered":"Comunicaciones se reforz\u00f3 con el for\u00e1neo Phillip Lockett"},"content":{"rendered":"\n<p>Para afrontar la temporada 2025\/26 en la segunda categor\u00eda, el cartero sum\u00f3 al experimentado interno para buscar el ascenso a la elite nacional.<\/p>\n\n\n\n<p>Comunicaciones de Mercedes sigue sumando fichas para completar el plantel que competir\u00e1 en una nueva edici\u00f3n de la Liga Argentina de B\u00e1squetbol. El p\u00edvot extranjero Phillip Dominique Daniel Lockett, nacido en Israel el 12 de marzo de 1988 y con nacionalidad argentina, es refuerzo del aurinegro para la campa\u00f1a 2025\/26.<\/p>\n\n\n\n<p>Lockett, de 2:02 metros, llega proveniente de Ol\u00edmpico de La Banda, donde promedi\u00f3 6,2 puntos, 5,7 rebotes y 0,8 asistencias en 20 minutos por partido.<\/p>\n\n\n\n<p>Adem\u00e1s de la instituci\u00f3n de Santiago del Estero (conjunto en el que jug\u00f3 dos temporadas en la m\u00e1xima categor\u00eda), el interno tuvo pasos por Platense de Vicente L\u00f3pez, Pe\u00f1arol de Mar del Plata, Instituto de C\u00f3rdoba y Tigrillos de Medell\u00edn, entre otros equipos.<\/p>\n\n\n\n<p>La temporada 2025\/26 del segundo escal\u00f3n del b\u00e1squetbol argentino volver\u00e1 a su anterior formato de torneo \u00fanico. Habr\u00e1 34 equipos separados en las dos tradicionales conferencias.<\/p>\n\n\n\n<p>Cada conferencia de 17 equipos se disputar\u00e1 en formato todos contra todos, ida y vuelta, con un total de 16 juegos por equipo. Finalizada la serie regular -a finales de marzo-, los equipos quedar\u00e1n clasificados del 1\u00ba al 17\u00ba puesto en cada conferencia del certamen.<\/p>\n\n\n\n<p>Para los playoffs, los equipos ubicados de 1\u00ba al 4\u00ba puesto de cada conferencia esperar\u00e1n la reclasificaci\u00f3n del 5\u00ba al 12\u00ba lugar. Las series de octavos de final se disputar\u00e1n dentro de cada conferencia y en cuartos de final los cuatro mejores equipos de la Conferencia Norte y los cuatro mejores equipos de la Conferencia Sur se cruzar\u00e1n entre s\u00ed. Las Finales definir\u00e1n al campe\u00f3n de la Liga Argentina y al ascendido a la Liga Nacional de B\u00e1squetbol (LNB) 2026\/27. En la \u00faltima temporada, el ascendido fue Racing de Chivilcoy.<\/p>\n","protected":false},"excerpt":{"rendered":"<p>Para afrontar la temporada 2025\/26 en la segunda categor\u00eda, el cartero sum\u00f3 al experimentado interno para buscar el ascenso a la elite nacional. Comunicaciones de Mercedes sigue sumando fichas para&hellip; <\/p>\n","protected":false},"author":3,"featured_media":227667,"comment_status":"closed","ping_status":"open","sticky":false,"template":"","format":"standard","meta":{"footnotes":""},"categories":[4],"tags":[],"class_list":["post-227660","post","type-post","status-publish","format-standard","has-post-thumbnail","hentry","category-deportes"],"_links":{"self":[{"href":"https:\/\/corrientesdetarde.com\/index.php\/wp-json\/wp\/v2\/posts\/227660","targetHints":{"allow":["GET"]}}],"collection":[{"href":"https:\/\/corrientesdetarde.com\/index.php\/wp-json\/wp\/v2\/posts"}],"about":[{"href":"https:\/\/corrientesdetarde.com\/index.php\/wp-json\/wp\/v2\/types\/post"}],"author":[{"embeddable":true,"href":"https:\/\/corrientesdetarde.com\/index.php\/wp-json\/wp\/v2\/users\/3"}],"replies":[{"embeddable":true,"href":"https:\/\/corrientesdetarde.com\/index.php\/wp-json\/wp\/v2\/comments?post=227660"}],"version-history":[{"count":1,"href":"https:\/\/corrientesdetarde.com\/index.php\/wp-json\/wp\/v2\/posts\/227660\/revisions"}],"predecessor-version":[{"id":227703,"href":"https:\/\/corrientesdetarde.com\/index.php\/wp-json\/wp\/v2\/posts\/227660\/revisions\/227703"}],"wp:featuredmedia":[{"embeddable":true,"href":"https:\/\/corrientesdetarde.com\/index.php\/wp-json\/wp\/v2\/media\/227667"}],"wp:attachment":[{"href":"https:\/\/corrientesdetarde.com\/index.php\/wp-json\/wp\/v2\/media?parent=227660"}],"wp:term":[{"taxonomy":"category","embeddable":true,"href":"https:\/\/corrientesdetarde.com\/index.php\/wp-json\/wp\/v2\/categories?post=227660"},{"taxonomy":"post_tag","embeddable":true,"href":"https:\/\/corrientesdetarde.com\/index.php\/wp-json\/wp\/v2\/tags?post=227660"}],"curies":[{"name":"wp","href":"https:\/\/api.w.org\/{rel}","templated":true}]}}