{"id":227661,"date":"2025-09-19T10:18:18","date_gmt":"2025-09-19T13:18:18","guid":{"rendered":"https:\/\/corrientesdetarde.com\/?p=227661"},"modified":"2025-09-19T10:18:50","modified_gmt":"2025-09-19T13:18:50","slug":"corrientes-fue-eliminado-por-eldorado-en-misiones","status":"publish","type":"post","link":"https:\/\/corrientesdetarde.com\/index.php\/deportes\/corrientes-fue-eliminado-por-eldorado-en-misiones\/","title":{"rendered":"Corrientes fue eliminado por Eldorado en Misiones"},"content":{"rendered":"\n<p>En la primera edici\u00f3n de la Copa Pa\u00eds, el seleccionado de la Liga Correntina de F\u00fatbol (LCF) no pudo arribar a la final de la Regi\u00f3n Litoral.<\/p>\n\n\n\n<p>&nbsp;En la revancha de las semifinales, cedi\u00f3 ante su par de Eldorado por 4 a 3 en los penales. En el tiempo reglamentario, el equipo misionero ante sus hinchas 2 a 0, logrando igualar el global 3 a 3 (la ida fue para los correntinos por 3 a 1 con tres anotaciones de Guillermo Barreto).<\/p>\n\n\n\n<p>En la definici\u00f3n, Juan Leguizam\u00f3n y Mart\u00edn Araya fallaron sus remates para el representativo correntino. En Eldorado, Facundo Duarte marc\u00f3 el penal final para imponerse 4 a 3. As\u00ed, los misioneros avanzaron a la final de la Regi\u00f3n Litoral.<\/p>\n\n\n\n<p>La Copa Pa\u00eds se inspira en la hist\u00f3rica Copa Presidente de la Naci\u00f3n, popular durante las d\u00e9cadas del \u009130 y \u009140. La estructura se compone de tres instancias: clasificatoria, regional y final, con un formato que permite a los equipos de distintas provincias medirse en igualdad de condiciones.<\/p>\n\n\n\n<p>El sistema de competici\u00f3n incluye zonas regionales con entre dos y cuatro equipos, dependiendo de la cantidad de ligas activas en cada jurisdicci\u00f3n. Cada provincia tendr\u00e1 un representante en la etapa regional, salvo el AMBA que contar\u00e1 con dos. Adem\u00e1s, algunas ligas accedieron directamente a esa fase, como las de Tucum\u00e1n, Ramal Juje\u00f1o, Neuqu\u00e9n, Bariloche, R\u00edo Grande, Sur, Mercedes, Formosa y Corrientes.<\/p>\n\n\n\n<p>El campe\u00f3n de la competencia se clasificar\u00e1 autom\u00e1ticamente a la pr\u00f3xima Copa Argentina, sumando un importante incentivo deportivo. Para conformar los planteles, cada selecci\u00f3n podr\u00e1 inscribir hasta 35 jugadores, con la condici\u00f3n de incluir al menos diez nacidos en 2008.<\/p>\n","protected":false},"excerpt":{"rendered":"<p>En la primera edici\u00f3n de la Copa Pa\u00eds, el seleccionado de la Liga Correntina de F\u00fatbol (LCF) no pudo arribar a la final de la Regi\u00f3n Litoral. &nbsp;En la revancha&hellip; <\/p>\n","protected":false},"author":3,"featured_media":227666,"comment_status":"closed","ping_status":"open","sticky":false,"template":"","format":"standard","meta":{"footnotes":""},"categories":[4],"tags":[],"class_list":["post-227661","post","type-post","status-publish","format-standard","has-post-thumbnail","hentry","category-deportes"],"_links":{"self":[{"href":"https:\/\/corrientesdetarde.com\/index.php\/wp-json\/wp\/v2\/posts\/227661","targetHints":{"allow":["GET"]}}],"collection":[{"href":"https:\/\/corrientesdetarde.com\/index.php\/wp-json\/wp\/v2\/posts"}],"about":[{"href":"https:\/\/corrientesdetarde.com\/index.php\/wp-json\/wp\/v2\/types\/post"}],"author":[{"embeddable":true,"href":"https:\/\/corrientesdetarde.com\/index.php\/wp-json\/wp\/v2\/users\/3"}],"replies":[{"embeddable":true,"href":"https:\/\/corrientesdetarde.com\/index.php\/wp-json\/wp\/v2\/comments?post=227661"}],"version-history":[{"count":1,"href":"https:\/\/corrientesdetarde.com\/index.php\/wp-json\/wp\/v2\/posts\/227661\/revisions"}],"predecessor-version":[{"id":227702,"href":"https:\/\/corrientesdetarde.com\/index.php\/wp-json\/wp\/v2\/posts\/227661\/revisions\/227702"}],"wp:featuredmedia":[{"embeddable":true,"href":"https:\/\/corrientesdetarde.com\/index.php\/wp-json\/wp\/v2\/media\/227666"}],"wp:attachment":[{"href":"https:\/\/corrientesdetarde.com\/index.php\/wp-json\/wp\/v2\/media?parent=227661"}],"wp:term":[{"taxonomy":"category","embeddable":true,"href":"https:\/\/corrientesdetarde.com\/index.php\/wp-json\/wp\/v2\/categories?post=227661"},{"taxonomy":"post_tag","embeddable":true,"href":"https:\/\/corrientesdetarde.com\/index.php\/wp-json\/wp\/v2\/tags?post=227661"}],"curies":[{"name":"wp","href":"https:\/\/api.w.org\/{rel}","templated":true}]}}