{"id":227662,"date":"2025-09-19T10:18:16","date_gmt":"2025-09-19T13:18:16","guid":{"rendered":"https:\/\/corrientesdetarde.com\/?p=227662"},"modified":"2025-09-19T10:18:48","modified_gmt":"2025-09-19T13:18:48","slug":"la-musica-y-el-humor-llegan-con-cae-all-inclusive-al-teatro-vera-2","status":"publish","type":"post","link":"https:\/\/corrientesdetarde.com\/index.php\/cultura\/la-musica-y-el-humor-llegan-con-cae-all-inclusive-al-teatro-vera-2\/","title":{"rendered":"La m\u00fasica y el humor llegan con Cae &#8220;All Inclusive&#8221; al Teatro Vera"},"content":{"rendered":"\n<p>El cantante y performer se presenta en Corrientes con un espect\u00e1culo que combina m\u00fasica, humor y participaci\u00f3n del p\u00fablico. Ser\u00e1 el domingo 26 de octubre, desde las 21, en el marco de un gira nacional. Las entradas est\u00e1n a la venta en weepas.ar y en boleter\u00eda del teatro.<\/p>\n\n\n\n<p>El artista Cae, conocido como &#8220;el Zoolander del rock&#8221;, vuelve a escena con un nuevo espect\u00e1culo titulado &#8220;All Inclusive&#8221;, una propuesta que promete ser \u00fanica, vibrante y emotiva. Con una mezcla de canciones, humor y performance multimedia, el show busca generar una experiencia inmersiva en la que el p\u00fablico es parte activo de la celebraci\u00f3n.<\/p>\n\n\n\n<p>La llegada a Corrientes ser\u00e1 parte de un tour cargado de destinos a trav\u00e9s de toda la Rep\u00fablica Argentina, Sudam\u00e9rica, Estados Unidos y Europa.<\/p>\n\n\n\n<h2 class=\"wp-block-heading\">De &#8220;Vivatodo!&#8221; a &#8220;All Inclusive&#8221;<\/h2>\n\n\n\n<p>Este nuevo espect\u00e1culo llega como sucesor de Vivatodo!, show que cautiv\u00f3 a m\u00e1s de 300.000 espectadores en escenarios de Argentina, Uruguay, Per\u00fa, Estados Unidos y Espa\u00f1a.<\/p>\n\n\n\n<p>En su versi\u00f3n 2025, CAE se muestra &#8220;histri\u00f3nico y ecl\u00e9ctico en su mejor versi\u00f3n&#8221;, con un repertorio que recorre momentos clave de su carrera y los combina con un estilo desopilante de stand up, una manera de festejar los 30 a\u00f1os de trayectoria art\u00edstica del cantante.<\/p>\n\n\n\n<h2 class=\"wp-block-heading\">Una experiencia que une<\/h2>\n\n\n\n<p>La propuesta de &#8220;All Inclusive&#8221; se define como un espect\u00e1culo multimedia en el que la m\u00fasica funciona como punto de encuentro generacional. &#8220;Hay canciones que nos unen&#8221;, resume el lema del show, invitando a vivir una experiencia compartida donde confluyen cl\u00e1sicos, nuevas versiones e interacci\u00f3n directa con el p\u00fablico.<\/p>\n\n\n\n<p>Con este regreso, CAE ratifica su vigencia art\u00edstica y confirma que su estilo, mezcla de energ\u00eda rockera y humor, sigue siendo un sello distintivo que lo conecta con distintas generaciones de espectadores.<\/p>\n\n\n\n<p>Un espect\u00e1culo \u00fanico, vibrante y emotivo junto al &#8220;Zoolander del rock&#8221; y su banda en un desopilante recorrido de canciones y stand up en una performance multimedia que activa la participaci\u00f3n del p\u00fablico.<\/p>\n\n\n\n<p>M\u00fasica, muchas risas e invitados especiales para festejar 30 a\u00f1os de carrera..<\/p>\n\n\n\n<p>Ven\u00ed a vivir la experiencia &#8220;All inclusive&#8221; porque hay canciones que nos unen.<\/p>\n\n\n\n<h2 class=\"wp-block-heading\">Entradas<\/h2>\n\n\n\n<p>Las entradas ya a la venta, desde $21.200 pueden adquirirse en weepas.ar y en boleter\u00eda del teatro, San Juan 637, de lunes a s\u00e1bados de 9 a 13 y de 17 a 21. Para clientes del BanCo que cuenten con Visa cr\u00e9dito, hay un 20% de descuento, con tope de reintegro de $20.000 y hasta en 3 cuotas sin inter\u00e9s.<\/p>\n","protected":false},"excerpt":{"rendered":"<p>El cantante y performer se presenta en Corrientes con un espect\u00e1culo que combina m\u00fasica, humor y participaci\u00f3n del p\u00fablico. Ser\u00e1 el domingo 26 de octubre, desde las 21, en el&hellip; <\/p>\n","protected":false},"author":3,"featured_media":227665,"comment_status":"closed","ping_status":"open","sticky":false,"template":"","format":"standard","meta":{"footnotes":""},"categories":[15],"tags":[],"class_list":["post-227662","post","type-post","status-publish","format-standard","has-post-thumbnail","hentry","category-cultura"],"_links":{"self":[{"href":"https:\/\/corrientesdetarde.com\/index.php\/wp-json\/wp\/v2\/posts\/227662","targetHints":{"allow":["GET"]}}],"collection":[{"href":"https:\/\/corrientesdetarde.com\/index.php\/wp-json\/wp\/v2\/posts"}],"about":[{"href":"https:\/\/corrientesdetarde.com\/index.php\/wp-json\/wp\/v2\/types\/post"}],"author":[{"embeddable":true,"href":"https:\/\/corrientesdetarde.com\/index.php\/wp-json\/wp\/v2\/users\/3"}],"replies":[{"embeddable":true,"href":"https:\/\/corrientesdetarde.com\/index.php\/wp-json\/wp\/v2\/comments?post=227662"}],"version-history":[{"count":1,"href":"https:\/\/corrientesdetarde.com\/index.php\/wp-json\/wp\/v2\/posts\/227662\/revisions"}],"predecessor-version":[{"id":227701,"href":"https:\/\/corrientesdetarde.com\/index.php\/wp-json\/wp\/v2\/posts\/227662\/revisions\/227701"}],"wp:featuredmedia":[{"embeddable":true,"href":"https:\/\/corrientesdetarde.com\/index.php\/wp-json\/wp\/v2\/media\/227665"}],"wp:attachment":[{"href":"https:\/\/corrientesdetarde.com\/index.php\/wp-json\/wp\/v2\/media?parent=227662"}],"wp:term":[{"taxonomy":"category","embeddable":true,"href":"https:\/\/corrientesdetarde.com\/index.php\/wp-json\/wp\/v2\/categories?post=227662"},{"taxonomy":"post_tag","embeddable":true,"href":"https:\/\/corrientesdetarde.com\/index.php\/wp-json\/wp\/v2\/tags?post=227662"}],"curies":[{"name":"wp","href":"https:\/\/api.w.org\/{rel}","templated":true}]}}