{"id":227663,"date":"2025-09-19T10:18:14","date_gmt":"2025-09-19T13:18:14","guid":{"rendered":"https:\/\/corrientesdetarde.com\/?p=227663"},"modified":"2025-09-19T10:18:45","modified_gmt":"2025-09-19T13:18:45","slug":"buzones-de-la-vida-una-politica-contra-la-trata-y-el-narcomenudeo","status":"publish","type":"post","link":"https:\/\/corrientesdetarde.com\/index.php\/informacion-general\/buzones-de-la-vida-una-politica-contra-la-trata-y-el-narcomenudeo\/","title":{"rendered":"Buzones de la Vida, una pol\u00edtica contra la trata y el narcomenudeo"},"content":{"rendered":"\n<p>En el a\u00f1o 2015, a trav\u00e9s de una acordada firmada por Ricardo Lorenzetti, Elena Highton de Nolasco y Juan Carlos Maqueda, se dispuso que la comisi\u00f3n judicial tendr\u00eda la misi\u00f3n de generar una pol\u00edtica de Estado para luchar contra el narcotr\u00e1fico.<\/p>\n\n\n\n<p>Los jueces destacaron que &#8220;est\u00e1 en juego la seguridad de la poblaci\u00f3n&#8221; y que se debe promover de manera &#8220;urgente&#8221; una pol\u00edtica de Estado &#8220;efectiva y coordinada&#8221;. Es all\u00ed cuando nacen los Buzones de la Vida, que luego se implementaron en varios puntos del pa\u00eds.<\/p>\n\n\n\n<p>La fundaci\u00f3n La Alameda incorpor\u00f3 los buzones en el conurbano bonaerense con varios intendentes, como el caso de Ca\u00f1uelas junto a la intendente Marisa Fassi y en las localidades de Merlo y Esteban Echeverr\u00eda.<\/p>\n\n\n\n<p>En la Ciudad de Buenos Aires, la experiencia nunca cont\u00f3 con el apoyo del Estado: fueron los vecinos con las iglesias quienes construyeron los buzones y mapas del delito. Tras el \u00e9xito, el Gobierno de Horacio Rodr\u00edguez Larreta lo replic\u00f3 en las comunas con urnas de cart\u00f3n para denunciar prost\u00edbulos, aunque con diferencias notables: en las intendencias los buzones son de material, se abren de manera oficial con testigos y en el marco de una mesa interinstitucional con presencia de la Justicia, el poder Ejecutivo, el Legislativo y organizaciones locales.<\/p>\n\n\n\n<p>La experiencia se traslad\u00f3 a la provincia de Corrientes en el a\u00f1o 2022. En la ciudad de Santa Luc\u00eda, los concejales H\u00e9ctor Duarte y Daniel Enrique presentaron un proyecto de ordenanza en el recinto legislativo para autorizar a esa mesa interinstitucional a instalar buzones de la vida en distintas entidades de la ciudad.<\/p>\n\n\n\n<p>Ese mismo a\u00f1o, en el Concejo de Gobernador Virasoro, se aprob\u00f3 por unanimidad una ordenanza que crea un programa destinado a luchar contra delitos vinculados a las nuevas formas de esclavitud. La norma se\u00f1ala como primer paso la conformaci\u00f3n de una mesa interinstitucional y luego \u0097entre otras medidas\u0097 la instalaci\u00f3n de los buzones de la vida. La propuesta fue impulsada por el edil Maximiliano Castillo.<\/p>\n\n\n\n<figure class=\"wp-block-image\"><img decoding=\"async\" src=\"https:\/\/www.diarioepoca.com\/content\/bucket\/0\/1449330w380h133c.jpg.webp\" alt=\"\"\/><\/figure>\n\n\n\n<p>En todos los casos contaron con el asesoramiento de Jos\u00e9 Mar\u00eda Serb\u00edn, referente de la Fundaci\u00f3n La Alameda en Corrientes. &#8220;En ambas ciudades, el apoyo de los concejales fue un\u00e1nime&#8221; expreso el referente.<\/p>\n\n\n\n<p>Para principios del a\u00f1o 2025 se logr\u00f3 el lanzamiento de los Buzones de la Vida en la ciudad de Mercedes, el jueves 20 de febrero de 2025, en la Asociaci\u00f3n del Comercio y la Industria, como parte de una importante mesa interinstitucional con la participaci\u00f3n y apoyo de la intendenta Juanita Gauto.<\/p>\n\n\n\n<p>En mayo de 2025 se lanzaron los &#8220;Buzones de la Vida&#8221; en Ituzaing\u00f3, en el marco de la conformaci\u00f3n de una comisi\u00f3n de seguimiento de trata de personas en la implementaci\u00f3n de una ordenanza de la concejal Mar\u00eda Valoy, titular de la Fundaci\u00f3n A Salvo y activista en temas de trata de personas, ni\u00f1ez y adolescencia, junto a la fundaci\u00f3n La Alameda y con el apoyo de algunos ediles como Alfonso Chamorro.<\/p>\n\n\n\n<p>Los llamados &#8220;Buzones de la Vida&#8221; nacieron como una herramienta simple pero efectiva para que la comunidad pueda denunciar delitos complejos como la trata de personas, el narcotr\u00e1fico y la explotaci\u00f3n laboral o sexual.<\/p>\n\n\n\n<p>Su principal objetivo es garantizar el anonimato de quienes se animan a dar un paso adelante y contar lo que saben, sin temor a represalias. De este modo, se busca fortalecer la participaci\u00f3n ciudadana y acercar un mecanismo de denuncia a barrios y localidades donde muchas veces la gente desconf\u00eda de la polic\u00eda o no tiene acceso directo a la Justicia.<\/p>\n\n\n\n<p>Cada buz\u00f3n funciona como un canal directo con fiscales y jueces, evitando que la informaci\u00f3n se filtre en las estructuras locales de poder. A partir de esas denuncias, se generan insumos que permiten abrir investigaciones y, en varios casos, desarticular redes criminales.<\/p>\n\n\n\n<p>En definitiva, los Buzones de la Vida son un puente entre la sociedad y la Justicia: una herramienta de prevenci\u00f3n, control ciudadano y compromiso colectivo frente al crimen organizado.<\/p>\n\n\n\n<h2 class=\"wp-block-heading\">Santa Luc\u00eda: los Buzones de la Vida derivaron en allanamientos y detenciones<\/h2>\n\n\n\n<p>La experiencia de los Buzones de la Vida en la localidad correntina de Santa Luc\u00eda empieza a mostrar resultados concretos. Gracias a denuncias an\u00f3nimas depositadas por vecinos, la Justicia Federal avanz\u00f3 en investigaciones que derivaron en allanamientos y detenciones vinculadas al narcomenudeo y la trata de personas.<\/p>\n\n\n\n<p>En abril de 2024, las autoridades locales informaron que, desde la implementaci\u00f3n de la herramienta, se hab\u00edan realizado seis allanamientos y concretado la detenci\u00f3n de siete personas, todo a partir de informaci\u00f3n surgida de los buzones.<\/p>\n\n\n\n<p>Unos meses antes, en agosto de 2023, otra apertura de buzones permiti\u00f3 a la Justicia ordenar dos allanamientos &#8220;muy importantes&#8221;, con personas arrestadas bajo la sospecha de comercializar estupefacientes en la regi\u00f3n.<\/p>\n\n\n\n<p>Los Buzones de la Vida funcionan como un canal de denuncia seguro y confidencial, donde los vecinos pueden aportar informaci\u00f3n sin revelar su identidad. Ese material luego es remitido directamente a la Justicia Federal, que decide los pasos a seguir en cada investigaci\u00f3n.<\/p>\n\n\n\n<p>La experiencia de Santa Luc\u00eda confirma que la herramienta no es meramente simb\u00f3lica: se transforma en una puerta de acceso a la Justicia para la comunidad, y un insumo clave para desarticular delitos complejos en el interior del pa\u00eds.<\/p>\n","protected":false},"excerpt":{"rendered":"<p>En el a\u00f1o 2015, a trav\u00e9s de una acordada firmada por Ricardo Lorenzetti, Elena Highton de Nolasco y Juan Carlos Maqueda, se dispuso que la comisi\u00f3n judicial tendr\u00eda la misi\u00f3n&hellip; <\/p>\n","protected":false},"author":3,"featured_media":227664,"comment_status":"closed","ping_status":"open","sticky":false,"template":"","format":"standard","meta":{"footnotes":""},"categories":[1],"tags":[],"class_list":["post-227663","post","type-post","status-publish","format-standard","has-post-thumbnail","hentry","category-informacion-general"],"_links":{"self":[{"href":"https:\/\/corrientesdetarde.com\/index.php\/wp-json\/wp\/v2\/posts\/227663","targetHints":{"allow":["GET"]}}],"collection":[{"href":"https:\/\/corrientesdetarde.com\/index.php\/wp-json\/wp\/v2\/posts"}],"about":[{"href":"https:\/\/corrientesdetarde.com\/index.php\/wp-json\/wp\/v2\/types\/post"}],"author":[{"embeddable":true,"href":"https:\/\/corrientesdetarde.com\/index.php\/wp-json\/wp\/v2\/users\/3"}],"replies":[{"embeddable":true,"href":"https:\/\/corrientesdetarde.com\/index.php\/wp-json\/wp\/v2\/comments?post=227663"}],"version-history":[{"count":1,"href":"https:\/\/corrientesdetarde.com\/index.php\/wp-json\/wp\/v2\/posts\/227663\/revisions"}],"predecessor-version":[{"id":227700,"href":"https:\/\/corrientesdetarde.com\/index.php\/wp-json\/wp\/v2\/posts\/227663\/revisions\/227700"}],"wp:featuredmedia":[{"embeddable":true,"href":"https:\/\/corrientesdetarde.com\/index.php\/wp-json\/wp\/v2\/media\/227664"}],"wp:attachment":[{"href":"https:\/\/corrientesdetarde.com\/index.php\/wp-json\/wp\/v2\/media?parent=227663"}],"wp:term":[{"taxonomy":"category","embeddable":true,"href":"https:\/\/corrientesdetarde.com\/index.php\/wp-json\/wp\/v2\/categories?post=227663"},{"taxonomy":"post_tag","embeddable":true,"href":"https:\/\/corrientesdetarde.com\/index.php\/wp-json\/wp\/v2\/tags?post=227663"}],"curies":[{"name":"wp","href":"https:\/\/api.w.org\/{rel}","templated":true}]}}