{"id":227673,"date":"2025-09-19T11:04:17","date_gmt":"2025-09-19T14:04:17","guid":{"rendered":"https:\/\/corrientesdetarde.com\/?p=227673"},"modified":"2025-09-19T11:04:19","modified_gmt":"2025-09-19T14:04:19","slug":"parte-medico-de-thiago-medina-paso-la-noche-sin-fiebre","status":"publish","type":"post","link":"https:\/\/corrientesdetarde.com\/index.php\/espectaculos\/parte-medico-de-thiago-medina-paso-la-noche-sin-fiebre\/","title":{"rendered":"Parte m\u00e9dico de Thiago Medina: pas\u00f3 la noche sin fiebre"},"content":{"rendered":"\n<p>El ex Gran Hermano est\u00e1 internado desde el viernes pasado&nbsp; a la noche, cuando sufri\u00f3 un accidente con su moto. Novedades este 18 de septiembre.&nbsp;<\/p>\n\n\n\n<p>A las 13 horas del jueves, el nosocomio dio a conocer un nuevo parte m\u00e9dico sobre la salud del joven: &#8220;Thiago Medina permanece internado en la Unidad de Terapia Intensiva de nuestro hospital, bajo control cl\u00ednico y seguimiento del servicio de cirug\u00eda tor\u00e1cica y los m\u00e9dicos de la unidad&#8221;, dice el texto oficial.<\/p>\n\n\n\n<p>En cuanto a las novedades, aseguran que &#8220;el paciente pas\u00f3 la noche sin fiebre mientras se aguardan resultados de los cultivos para evaluar esquema antibi\u00f3tico&#8221;.<\/p>\n\n\n\n<p>De esta manera, se produjo una evoluci\u00f3n respecto al cuadro anterior, que informaba que Medina hab\u00eda presentado registros febriles y se hab\u00eda mantenido el uso de inotr\u00f3picos, sin requerir un aumento en las dosis.<\/p>\n\n\n\n<p>Los m\u00e9dicos aguardan la evoluci\u00f3n favorable del paciente para que pueda ser sometido a una nueva intervenci\u00f3n quir\u00fargica en los d\u00edas siguientes.<\/p>\n\n\n\n<p>Seg\u00fan lo pautado, el procedimiento quedar\u00eda en manos del equipo de cirug\u00eda tor\u00e1cica de Moreno junto a profesionales del Hospital Bicentenario de Esteban Echeverr\u00eda, en el marco de la red provincial de cirug\u00eda, evitando as\u00ed trasladar al paciente a otro nosocomio.<\/p>\n","protected":false},"excerpt":{"rendered":"<p>El ex Gran Hermano est\u00e1 internado desde el viernes pasado&nbsp; a la noche, cuando sufri\u00f3 un accidente con su moto. Novedades este 18 de septiembre.&nbsp; A las 13 horas del&hellip; <\/p>\n","protected":false},"author":3,"featured_media":227685,"comment_status":"closed","ping_status":"open","sticky":false,"template":"","format":"standard","meta":{"footnotes":""},"categories":[19],"tags":[],"class_list":["post-227673","post","type-post","status-publish","format-standard","has-post-thumbnail","hentry","category-espectaculos"],"_links":{"self":[{"href":"https:\/\/corrientesdetarde.com\/index.php\/wp-json\/wp\/v2\/posts\/227673","targetHints":{"allow":["GET"]}}],"collection":[{"href":"https:\/\/corrientesdetarde.com\/index.php\/wp-json\/wp\/v2\/posts"}],"about":[{"href":"https:\/\/corrientesdetarde.com\/index.php\/wp-json\/wp\/v2\/types\/post"}],"author":[{"embeddable":true,"href":"https:\/\/corrientesdetarde.com\/index.php\/wp-json\/wp\/v2\/users\/3"}],"replies":[{"embeddable":true,"href":"https:\/\/corrientesdetarde.com\/index.php\/wp-json\/wp\/v2\/comments?post=227673"}],"version-history":[{"count":1,"href":"https:\/\/corrientesdetarde.com\/index.php\/wp-json\/wp\/v2\/posts\/227673\/revisions"}],"predecessor-version":[{"id":227710,"href":"https:\/\/corrientesdetarde.com\/index.php\/wp-json\/wp\/v2\/posts\/227673\/revisions\/227710"}],"wp:featuredmedia":[{"embeddable":true,"href":"https:\/\/corrientesdetarde.com\/index.php\/wp-json\/wp\/v2\/media\/227685"}],"wp:attachment":[{"href":"https:\/\/corrientesdetarde.com\/index.php\/wp-json\/wp\/v2\/media?parent=227673"}],"wp:term":[{"taxonomy":"category","embeddable":true,"href":"https:\/\/corrientesdetarde.com\/index.php\/wp-json\/wp\/v2\/categories?post=227673"},{"taxonomy":"post_tag","embeddable":true,"href":"https:\/\/corrientesdetarde.com\/index.php\/wp-json\/wp\/v2\/tags?post=227673"}],"curies":[{"name":"wp","href":"https:\/\/api.w.org\/{rel}","templated":true}]}}