{"id":227675,"date":"2025-09-19T11:04:14","date_gmt":"2025-09-19T14:04:14","guid":{"rendered":"https:\/\/corrientesdetarde.com\/?p=227675"},"modified":"2025-09-19T11:04:17","modified_gmt":"2025-09-19T14:04:17","slug":"querian-ser-madres-subrogaron-un-vientre-se-arrepintieron-y-dan-al-bebe-en-adopcion","status":"publish","type":"post","link":"https:\/\/corrientesdetarde.com\/index.php\/informacion-general\/querian-ser-madres-subrogaron-un-vientre-se-arrepintieron-y-dan-al-bebe-en-adopcion\/","title":{"rendered":"Quer\u00edan ser madres, subrogaron un vientre se arrepintieron y dan al beb\u00e9 en adopci\u00f3n"},"content":{"rendered":"\n<p>El ni\u00f1o naci\u00f3 de manera prematura nueve semanas antes de lo previsto y permaneci\u00f3 varios d\u00edas internado por problemas respiratorios.<\/p>\n\n\n\n<p>La Justicia declar\u00f3 en situaci\u00f3n de adoptabilidad a un beb\u00e9 nacido en C\u00f3rdoba a trav\u00e9s de la t\u00e9cnica de gestaci\u00f3n por sustituci\u00f3n, luego de que tanto la mujer gestante como la ciudadana francesa que hab\u00eda promovido el procedimiento desistieran de hacerse cargo de \u00e9l.<\/p>\n\n\n\n<p>El ni\u00f1o naci\u00f3 de manera prematura nueve semanas antes de lo previsto y permaneci\u00f3 varios d\u00edas internado por problemas respiratorios.<\/p>\n\n\n\n<p>Tras recibir el alta m\u00e9dica, fue resguardado por una familia de acogimiento, mientras la Secretar\u00eda de Ni\u00f1ez, Adolescencia y Familia (Senaf) solicitaba a la Justicia la declaraci\u00f3n de adoptabilidad.<\/p>\n\n\n\n<p>La jueza Mar\u00eda de los \u00c1ngeles Pascual hizo lugar al pedido y consider\u00f3 que el abandono del ni\u00f1o constituy\u00f3 una &#8220;vulneraci\u00f3n directa a su dignidad humana&#8221;.&nbsp;<\/p>\n\n\n\n<p>En su fallo, cuestion\u00f3 la &#8220;cosificaci\u00f3n&#8221; de los ni\u00f1os nacidos mediante esta t\u00e9cnica, al se\u00f1alar que &#8220;un ni\u00f1o no es un producto que pueda ser aceptado o rechazado, sino un sujeto de derechos que merece respeto, cuidado y amor&#8221;.<\/p>\n\n\n\n<p>La magistrada remarc\u00f3 que la gestaci\u00f3n por sustituci\u00f3n no est\u00e1 expresamente regulada en la legislaci\u00f3n argentina, aunque aclar\u00f3 que esa ausencia normativa no impide al Estado garantizar el inter\u00e9s superior del ni\u00f1o.&nbsp;<\/p>\n\n\n\n<p>Tambi\u00e9n record\u00f3 que, en precedentes judiciales, se ha reconocido la validez de estos acuerdos cuando se cumplen requisitos como el consentimiento informado, el car\u00e1cter altruista y la voluntad procreacional.<\/p>\n\n\n\n<p>Finalmente, Pascual subray\u00f3: &#8220;Nunca un ni\u00f1o puede ser tratado como un encargo. Estamos hablando de una vida, y toda vida humana merece ser bienvenida no como un objeto deseado, sino como un sujeto amado&#8221;.<\/p>\n","protected":false},"excerpt":{"rendered":"<p>El ni\u00f1o naci\u00f3 de manera prematura nueve semanas antes de lo previsto y permaneci\u00f3 varios d\u00edas internado por problemas respiratorios. La Justicia declar\u00f3 en situaci\u00f3n de adoptabilidad a un beb\u00e9&hellip; <\/p>\n","protected":false},"author":3,"featured_media":227684,"comment_status":"closed","ping_status":"open","sticky":false,"template":"","format":"standard","meta":{"footnotes":""},"categories":[1],"tags":[],"class_list":["post-227675","post","type-post","status-publish","format-standard","has-post-thumbnail","hentry","category-informacion-general"],"_links":{"self":[{"href":"https:\/\/corrientesdetarde.com\/index.php\/wp-json\/wp\/v2\/posts\/227675","targetHints":{"allow":["GET"]}}],"collection":[{"href":"https:\/\/corrientesdetarde.com\/index.php\/wp-json\/wp\/v2\/posts"}],"about":[{"href":"https:\/\/corrientesdetarde.com\/index.php\/wp-json\/wp\/v2\/types\/post"}],"author":[{"embeddable":true,"href":"https:\/\/corrientesdetarde.com\/index.php\/wp-json\/wp\/v2\/users\/3"}],"replies":[{"embeddable":true,"href":"https:\/\/corrientesdetarde.com\/index.php\/wp-json\/wp\/v2\/comments?post=227675"}],"version-history":[{"count":1,"href":"https:\/\/corrientesdetarde.com\/index.php\/wp-json\/wp\/v2\/posts\/227675\/revisions"}],"predecessor-version":[{"id":227709,"href":"https:\/\/corrientesdetarde.com\/index.php\/wp-json\/wp\/v2\/posts\/227675\/revisions\/227709"}],"wp:featuredmedia":[{"embeddable":true,"href":"https:\/\/corrientesdetarde.com\/index.php\/wp-json\/wp\/v2\/media\/227684"}],"wp:attachment":[{"href":"https:\/\/corrientesdetarde.com\/index.php\/wp-json\/wp\/v2\/media?parent=227675"}],"wp:term":[{"taxonomy":"category","embeddable":true,"href":"https:\/\/corrientesdetarde.com\/index.php\/wp-json\/wp\/v2\/categories?post=227675"},{"taxonomy":"post_tag","embeddable":true,"href":"https:\/\/corrientesdetarde.com\/index.php\/wp-json\/wp\/v2\/tags?post=227675"}],"curies":[{"name":"wp","href":"https:\/\/api.w.org\/{rel}","templated":true}]}}