{"id":227677,"date":"2025-09-19T11:04:12","date_gmt":"2025-09-19T14:04:12","guid":{"rendered":"https:\/\/corrientesdetarde.com\/?p=227677"},"modified":"2025-09-19T11:04:14","modified_gmt":"2025-09-19T14:04:14","slug":"la-cartografia-que-brinda-una-nueva-mirada-sobre-las-cuencas-hidricas-del-chaco-2","status":"publish","type":"post","link":"https:\/\/corrientesdetarde.com\/index.php\/informacion-general\/la-cartografia-que-brinda-una-nueva-mirada-sobre-las-cuencas-hidricas-del-chaco-2\/","title":{"rendered":"La cartograf\u00eda que brinda una nueva mirada sobre las cuencas h\u00eddricas del Chaco"},"content":{"rendered":"\n<p>La doctora Claudia G\u00f3mez present\u00f3 un estudio que actualiza y precisa la delimitaci\u00f3n de las cuencas hidrogr\u00e1ficas chaque\u00f1as, reduciendo de 13 a 10 las unidades principales identificadas. La investigaci\u00f3n proporciona por primera vez informaci\u00f3n cartogr\u00e1fica detallada de todas las cuencas h\u00eddricas provinciales, con representaciones individualizadas, datos cuantitativos y metodolog\u00edas precisas.<\/p>\n\n\n\n<p>A lo largo de tres d\u00edas de intercambio acad\u00e9mico, el Instituto de Investigaciones Geohist\u00f3ricas (IIGHI) fue escenario del 54*Encuentro de Geohistoria Regional, donde investigadores en las \u00e1reas de la Historia, Geograf\u00eda, Arqueolog\u00eda, la Etnobiolog\u00eda y otras ciencias afines presentaron sus trabajos.<\/p>\n\n\n\n<p>Una de esas presentaciones estuvo a cargo de la doctora Claudia Ver\u00f3nica G\u00f3mez y en la oportunidad analiz\u00f3 la &#8220;Delimitaci\u00f3n y caracterizaci\u00f3n morfom\u00e9trica de las cuencas hidrogr\u00e1ficas de la provincia del Chaco&#8221;.<\/p>\n\n\n\n<p>El trabajo de G\u00f3mez, especialista en Restauraci\u00f3n Hidrogeomorfol\u00f3gica y docente de la C\u00e1tedra Hidrograf\u00eda Marina y Continental de las carreras del Profesorado y Licenciatura en Geograf\u00eda (Facultad de Humanidades UNNE), cubre un vac\u00edo de d\u00e9cadas en el conocimiento preciso de los recursos h\u00eddricos provinciales. \u00abDesde el \u00e1mbito acad\u00e9mico observamos una carencia de datos cuantitativos precisos que permitan caracterizar adecuadamente cada una de las cuencas\u00bb, explic\u00f3 la investigadora.<\/p>\n\n\n\n<p>La historia de la cartograf\u00eda h\u00eddrica chaque\u00f1a est\u00e1 sujeta a los avances tecnol\u00f3gicos y metodol\u00f3gicos de las \u00faltimas seis d\u00e9cadas. En 1965 Italconsult Argentina defini\u00f3 17 sistemas hidrogr\u00e1ficos que marcaron el primer intento sistem\u00e1tico de organizar el conocimiento sobre las aguas provinciales. Cuatro d\u00e9cadas despu\u00e9s, en 2007, el equipo del doctor Ra\u00fal Manoiloff actualiz\u00f3 esta propuesta reduciendo las unidades a 15 cuencas, utilizando las cartas del Instituto Geogr\u00e1fico Militar.<\/p>\n\n\n\n<figure class=\"wp-block-image\"><img decoding=\"async\" src=\"https:\/\/www.diarioepoca.com\/content\/bucket\/3\/1449243w380h295c.jpg.webp\" alt=\"\"\/><figcaption class=\"wp-element-caption\">El trabajo de la doctora Claudia Ver\u00f3nica G\u00f3mez cubre un vac\u00edo de d\u00e9cadas en el conocimiento preciso de los recursos h\u00eddricos provinciales.<\/figcaption><\/figure>\n\n\n\n<p>Fue la Administraci\u00f3n Provincial del Agua del Chaco quien estableci\u00f3 el marco oficial vigente hasta la actualidad. Su modelo, aprobado por Resoluci\u00f3n 711\/06, identific\u00f3 13 cuencas hidrogr\u00e1ficas que se convirtieron en la base cartogr\u00e1fica para estudios cient\u00edficos y decisiones gubernamentales. Pero la tecnolog\u00eda sigui\u00f3 avanzando, y con ella, la posibilidad de obtener resultados m\u00e1s precisos.<\/p>\n\n\n\n<p>El trabajo presentado por la doctora G\u00f3mez es un salto cualitativo en la metodolog\u00eda empleada. Utilizando los Modelos Digitales de Elevaci\u00f3n (MDE-AR v2.1) procesados con la extensi\u00f3n ArcHydro del software ArcGIS, la investigadora logr\u00f3 precisi\u00f3n en la delimitaci\u00f3n de las cuencas. El proceso, que incluy\u00f3 la definici\u00f3n de densidad y direcci\u00f3n del flujo, fue posteriormente validado con im\u00e1genes satelitales Landsat 8, garantizando la confiabilidad de los resultados.<\/p>\n\n\n\n<p>En el estudio de modelos digitales, la &#8220;densidad de flujo&#8221; se refiere a la cantidad de agua (o cualquier fluido) que fluye por unidad de ancho de cauce o de \u00e1rea, indicando la concentraci\u00f3n del caudal, mientras que la &#8220;direcci\u00f3n del flujo&#8221; describe la trayectoria que sigue el agua en cada punto del terreno, determinando la pendiente y el rumbo.<\/p>\n\n\n\n<p>\u00abEl uso de estas herramientas nos permiti\u00f3 no solo redefinir los l\u00edmites, sino tambi\u00e9n caracterizar el funcionamiento de cada cuenca mediante par\u00e1metros morfom\u00e9tricos espec\u00edficos\u00bb, destaca G\u00f3mez en su trabajo.<\/p>\n\n\n\n<p>Los resultados fueron los siguientes: de las 13 cuencas oficialmente reconocidas, el estudio identific\u00f3 10 cuencas con elementos principales bien definidos, adem\u00e1s de 3 \u00e1reas donde se observa la ausencia de una red hidrogr\u00e1fica jerarquizada.<\/p>\n\n\n\n<p>La nueva cartograf\u00eda revela un patr\u00f3n geogr\u00e1fico curioso. Las cuencas peque\u00f1as, con colectores principales bien definidos como Qu\u00eda, Oro, Palometa, Tapenag\u00e1, Tragadero y Arroyo Costa In\u00e9, predominan en el este provincial. En contraste, las cuencas medianas \u2014Bermejo, Guaycur\u00fa y Negro-Salado\u2014 se extienden hacia el oeste, mientras que las grandes \u00e1reas como Intermitente, Estero S\u00e1balo-Ca\u00f1ada La Rica, Laguna Salada y El Impenetrable se localizan principalmente en el oeste y sur.<\/p>\n\n\n\n<p>&#8220;Esta distribuci\u00f3n no es casual&#8221;. Las \u00e1reas de mayor dimensi\u00f3n se caracterizan por un escurrimiento intermitente donde predominan procesos como la infiltraci\u00f3n y evapotranspiraci\u00f3n, presentando formas ensanchadas que contrastan con las cuencas alargadas del este provincial.<\/p>\n\n\n\n<figure class=\"wp-block-image\"><img decoding=\"async\" src=\"https:\/\/www.diarioepoca.com\/content\/bucket\/2\/1449242w380h232c.jpg.webp\" alt=\"\"\/><figcaption class=\"wp-element-caption\">Mapa de la Cuenca de los R\u00edos Negro- Salado tras ser validado por im\u00e1genes satelitales. (Autora: doctora Claudia Ver\u00f3nica G\u00f3mez)<\/figcaption><\/figure>\n\n\n\n<p>El an\u00e1lisis morfom\u00e9trico realizado por G\u00f3mez tiene implicancias directas para la gesti\u00f3n de recursos h\u00eddricos. Utilizando el coeficiente de compacidad de Gravelius, la investigaci\u00f3n clasific\u00f3 las unidades en dos grandes grupos con comportamientos hidrol\u00f3gicos diferenciados.<\/p>\n\n\n\n<p>El &#8220;coeficiente de compacidad de Gravelius&#8221;, es un par\u00e1metro adimensional que relaciona el per\u00edmetro de la cuenca y el per\u00edmetro de un c\u00edrculo de igual \u00e1rea que el de la cuenca. Este par\u00e1metro describe la geometr\u00eda de la cuenca y est\u00e1 estrechamente relacionado con el tiempo de concentraci\u00f3n del sistema hidrol\u00f3gico.<\/p>\n\n\n\n<p>Las \u00e1reas Intermitente, Impenetrable y Laguna Salada, caracterizadas por formas ovales cercanas a la compacidad, tienden a intensificar las ondas de creciente, aumentando el riesgo de efectos adversos. Por el contrario, las cuencas de forma rectangular y alargada, con afluentes sinuosos, presentan un comportamiento hidrol\u00f3gico m\u00e1s moderado que aten\u00faa los efectos de las crecidas.<\/p>\n\n\n\n<p>El trabajo de G\u00f3mez representa un aporte significativo para la educaci\u00f3n y la gesti\u00f3n territorial. La investigaci\u00f3n proporciona por primera vez informaci\u00f3n cartogr\u00e1fica detallada de todas las cuencas h\u00eddricas provinciales, con representaciones individualizadas, datos cuantitativos y metodolog\u00edas precisas.<\/p>\n\n\n\n<p>El trabajo-que integra el n\u00famero 11 de la colecci\u00f3n &#8220;Cuaderno Docente&#8221; del IIGHI CONICET- ser\u00e1 especialmente valioso para los estudiantes de la c\u00e1tedra de Hidrograf\u00eda Marina y Continental de la Facultad de Humanidades de la UNNE, as\u00ed como para otros profesionales interesados en la gesti\u00f3n sostenible de los recursos h\u00eddricos provinciales.<\/p>\n\n\n\n<p>Este aporte cient\u00edfico actualiza el conocimiento sobre las cuencas h\u00eddricas del Chaco, pero adem\u00e1s establece las bases metodol\u00f3gicas para futuros estudios en la regi\u00f3n. Contar con cartograf\u00eda precisa se convierte en una herramienta fundamental para la planificaci\u00f3n territorial sostenible.<\/p>\n","protected":false},"excerpt":{"rendered":"<p>La doctora Claudia G\u00f3mez present\u00f3 un estudio que actualiza y precisa la delimitaci\u00f3n de las cuencas hidrogr\u00e1ficas chaque\u00f1as, reduciendo de 13 a 10 las unidades principales identificadas. La investigaci\u00f3n proporciona&hellip; <\/p>\n","protected":false},"author":3,"featured_media":227683,"comment_status":"closed","ping_status":"open","sticky":false,"template":"","format":"standard","meta":{"footnotes":""},"categories":[1],"tags":[],"class_list":["post-227677","post","type-post","status-publish","format-standard","has-post-thumbnail","hentry","category-informacion-general"],"_links":{"self":[{"href":"https:\/\/corrientesdetarde.com\/index.php\/wp-json\/wp\/v2\/posts\/227677","targetHints":{"allow":["GET"]}}],"collection":[{"href":"https:\/\/corrientesdetarde.com\/index.php\/wp-json\/wp\/v2\/posts"}],"about":[{"href":"https:\/\/corrientesdetarde.com\/index.php\/wp-json\/wp\/v2\/types\/post"}],"author":[{"embeddable":true,"href":"https:\/\/corrientesdetarde.com\/index.php\/wp-json\/wp\/v2\/users\/3"}],"replies":[{"embeddable":true,"href":"https:\/\/corrientesdetarde.com\/index.php\/wp-json\/wp\/v2\/comments?post=227677"}],"version-history":[{"count":1,"href":"https:\/\/corrientesdetarde.com\/index.php\/wp-json\/wp\/v2\/posts\/227677\/revisions"}],"predecessor-version":[{"id":227708,"href":"https:\/\/corrientesdetarde.com\/index.php\/wp-json\/wp\/v2\/posts\/227677\/revisions\/227708"}],"wp:featuredmedia":[{"embeddable":true,"href":"https:\/\/corrientesdetarde.com\/index.php\/wp-json\/wp\/v2\/media\/227683"}],"wp:attachment":[{"href":"https:\/\/corrientesdetarde.com\/index.php\/wp-json\/wp\/v2\/media?parent=227677"}],"wp:term":[{"taxonomy":"category","embeddable":true,"href":"https:\/\/corrientesdetarde.com\/index.php\/wp-json\/wp\/v2\/categories?post=227677"},{"taxonomy":"post_tag","embeddable":true,"href":"https:\/\/corrientesdetarde.com\/index.php\/wp-json\/wp\/v2\/tags?post=227677"}],"curies":[{"name":"wp","href":"https:\/\/api.w.org\/{rel}","templated":true}]}}