{"id":227678,"date":"2025-09-19T11:04:09","date_gmt":"2025-09-19T14:04:09","guid":{"rendered":"https:\/\/corrientesdetarde.com\/?p=227678"},"modified":"2025-09-19T11:04:12","modified_gmt":"2025-09-19T14:04:12","slug":"empresario-correntino-fue-procesado-por-narcotrafico","status":"publish","type":"post","link":"https:\/\/corrientesdetarde.com\/index.php\/policiales\/empresario-correntino-fue-procesado-por-narcotrafico\/","title":{"rendered":"Empresario correntino fue procesado por narcotr\u00e1fico"},"content":{"rendered":"\n<p>Fue detenido en junio con dos kilos de coca\u00edna durante una operaci\u00f3n policial. Su defensa denuncia irregularidades en el proceso judicial que podr\u00edan invalidarlo.<\/p>\n\n\n\n<p>Este jueves 18, un reconocido empresario de eventos fue procesado por narcotr\u00e1fico, seg\u00fan inform\u00f3 la Justicia Federal de Corrientes. La detenci\u00f3n ocurri\u00f3 el 23 de junio, cuando fue arrestado junto a un grupo de personas mientras transportaban dos kilos de coca\u00edna en dos veh\u00edculos.<\/p>\n\n\n\n<p>Tras su arresto, solicit\u00f3 ser trasladado a un centro asistencial para recibir atenci\u00f3n m\u00e9dica y pidi\u00f3 la excarcelaci\u00f3n y prisi\u00f3n domiciliaria, pero todas sus solicitudes fueron rechazadas por el juez Gustavo Fresneda.<\/p>\n\n\n\n<p>El abogado defensor, Facundo Leguizam\u00f3n, cuestion\u00f3 la legalidad de la investigaci\u00f3n, se\u00f1alando que existen &#8220;graves irregularidades&#8221; que podr\u00edan invalidar el proceso. Seg\u00fan el letrado, la imputaci\u00f3n contra su cliente se basa en una denuncia an\u00f3nima, pero no se labr\u00f3 un acta de la misma, lo que vulnera el marco legal.&nbsp;<\/p>\n\n\n\n<p>Leguizam\u00f3n tambi\u00e9n subray\u00f3 que, previo a la detenci\u00f3n, un informe psiqui\u00e1trico recomendaba la internaci\u00f3n del empresario por riesgo a s\u00ed mismo o a terceros, aunque esa recomendaci\u00f3n no fue tenida en cuenta durante el proceso.<\/p>\n","protected":false},"excerpt":{"rendered":"<p>Fue detenido en junio con dos kilos de coca\u00edna durante una operaci\u00f3n policial. Su defensa denuncia irregularidades en el proceso judicial que podr\u00edan invalidarlo. Este jueves 18, un reconocido empresario&hellip; <\/p>\n","protected":false},"author":3,"featured_media":227682,"comment_status":"closed","ping_status":"open","sticky":false,"template":"","format":"standard","meta":{"footnotes":""},"categories":[33],"tags":[],"class_list":["post-227678","post","type-post","status-publish","format-standard","has-post-thumbnail","hentry","category-policiales"],"_links":{"self":[{"href":"https:\/\/corrientesdetarde.com\/index.php\/wp-json\/wp\/v2\/posts\/227678","targetHints":{"allow":["GET"]}}],"collection":[{"href":"https:\/\/corrientesdetarde.com\/index.php\/wp-json\/wp\/v2\/posts"}],"about":[{"href":"https:\/\/corrientesdetarde.com\/index.php\/wp-json\/wp\/v2\/types\/post"}],"author":[{"embeddable":true,"href":"https:\/\/corrientesdetarde.com\/index.php\/wp-json\/wp\/v2\/users\/3"}],"replies":[{"embeddable":true,"href":"https:\/\/corrientesdetarde.com\/index.php\/wp-json\/wp\/v2\/comments?post=227678"}],"version-history":[{"count":1,"href":"https:\/\/corrientesdetarde.com\/index.php\/wp-json\/wp\/v2\/posts\/227678\/revisions"}],"predecessor-version":[{"id":227706,"href":"https:\/\/corrientesdetarde.com\/index.php\/wp-json\/wp\/v2\/posts\/227678\/revisions\/227706"}],"wp:featuredmedia":[{"embeddable":true,"href":"https:\/\/corrientesdetarde.com\/index.php\/wp-json\/wp\/v2\/media\/227682"}],"wp:attachment":[{"href":"https:\/\/corrientesdetarde.com\/index.php\/wp-json\/wp\/v2\/media?parent=227678"}],"wp:term":[{"taxonomy":"category","embeddable":true,"href":"https:\/\/corrientesdetarde.com\/index.php\/wp-json\/wp\/v2\/categories?post=227678"},{"taxonomy":"post_tag","embeddable":true,"href":"https:\/\/corrientesdetarde.com\/index.php\/wp-json\/wp\/v2\/tags?post=227678"}],"curies":[{"name":"wp","href":"https:\/\/api.w.org\/{rel}","templated":true}]}}