{"id":227680,"date":"2025-09-19T11:04:05","date_gmt":"2025-09-19T14:04:05","guid":{"rendered":"https:\/\/corrientesdetarde.com\/?p=227680"},"modified":"2025-09-19T11:04:14","modified_gmt":"2025-09-19T14:04:14","slug":"pesar-en-itati-tras-la-muerte-de-un-joven-exconcejal-en-un-siniestro-vial","status":"publish","type":"post","link":"https:\/\/corrientesdetarde.com\/index.php\/interior\/pesar-en-itati-tras-la-muerte-de-un-joven-exconcejal-en-un-siniestro-vial\/","title":{"rendered":"Pesar en Itat\u00ed tras la muerte de un joven exconcejal en un siniestro vial"},"content":{"rendered":"\n<p>Celebraron en la ma\u00f1ana de hoy la misa de cuerpo presente presidida por el padre Guillermo Campos fdp y concelebrada por el padre Feliciano de los Mozos fdp. En la ceremonia de despedida participaron familiares, amigos, legisladores provinciales, dirigentes pol\u00edticos.<\/p>\n\n\n\n<p>La Bas\u00edlica de Nuestra Se\u00f1ora de Itat\u00ed se convirti\u00f3 en el lugar de encuentro para rendir homenaje al joven itate\u00f1o Omar Sosa Ayala.<\/p>\n\n\n\n<p>A las 11 se celebr\u00f3 la Misa de cuerpo presente presidida por el padre Guillermo Campos fdp y concelebrada por el padre Feliciano de los Mozos fdp.<br>En la ceremonia de despedida participaron familiares, amigos y figuras p\u00fablicas, como legisladores provinciales, dirigentes pol\u00edticos, el intendente de Itat\u00ed, Francisco Romero, y el intendente de Ramada Paso, Arturo Puyol.<\/p>\n\n\n\n<p>Participaron en los cantos de la Misa sus compa\u00f1eros del grupo Jopar\u00e1.<\/p>\n\n\n\n<p>F\u00e9lix Omar Sosa Ayala, exconcejal de Itat\u00ed de 40 a\u00f1os, falleci\u00f3 el mi\u00e9rcoles 17 de septiembre en un accidente de tr\u00e1nsito en la Ruta Provincial N\u00b0 20.<\/p>\n\n\n\n<p>&#8220;La comunidad de Itat\u00ed se encuentra de luto tras el fallecimiento de Sosa Ayala, quien era conocido por su compromiso con la comunidad y su participaci\u00f3n en diversas actividades culturales y religiosas&#8221; indicaron desde<em>&nbsp;Noticiasitate\u00f1as.&nbsp;<\/em><\/p>\n","protected":false},"excerpt":{"rendered":"<p>Celebraron en la ma\u00f1ana de hoy la misa de cuerpo presente presidida por el padre Guillermo Campos fdp y concelebrada por el padre Feliciano de los Mozos fdp. En la&hellip; <\/p>\n","protected":false},"author":3,"featured_media":227681,"comment_status":"closed","ping_status":"open","sticky":false,"template":"","format":"standard","meta":{"footnotes":""},"categories":[1658],"tags":[],"class_list":["post-227680","post","type-post","status-publish","format-standard","has-post-thumbnail","hentry","category-interior"],"_links":{"self":[{"href":"https:\/\/corrientesdetarde.com\/index.php\/wp-json\/wp\/v2\/posts\/227680","targetHints":{"allow":["GET"]}}],"collection":[{"href":"https:\/\/corrientesdetarde.com\/index.php\/wp-json\/wp\/v2\/posts"}],"about":[{"href":"https:\/\/corrientesdetarde.com\/index.php\/wp-json\/wp\/v2\/types\/post"}],"author":[{"embeddable":true,"href":"https:\/\/corrientesdetarde.com\/index.php\/wp-json\/wp\/v2\/users\/3"}],"replies":[{"embeddable":true,"href":"https:\/\/corrientesdetarde.com\/index.php\/wp-json\/wp\/v2\/comments?post=227680"}],"version-history":[{"count":1,"href":"https:\/\/corrientesdetarde.com\/index.php\/wp-json\/wp\/v2\/posts\/227680\/revisions"}],"predecessor-version":[{"id":227707,"href":"https:\/\/corrientesdetarde.com\/index.php\/wp-json\/wp\/v2\/posts\/227680\/revisions\/227707"}],"wp:featuredmedia":[{"embeddable":true,"href":"https:\/\/corrientesdetarde.com\/index.php\/wp-json\/wp\/v2\/media\/227681"}],"wp:attachment":[{"href":"https:\/\/corrientesdetarde.com\/index.php\/wp-json\/wp\/v2\/media?parent=227680"}],"wp:term":[{"taxonomy":"category","embeddable":true,"href":"https:\/\/corrientesdetarde.com\/index.php\/wp-json\/wp\/v2\/categories?post=227680"},{"taxonomy":"post_tag","embeddable":true,"href":"https:\/\/corrientesdetarde.com\/index.php\/wp-json\/wp\/v2\/tags?post=227680"}],"curies":[{"name":"wp","href":"https:\/\/api.w.org\/{rel}","templated":true}]}}