{"id":227713,"date":"2025-09-19T11:23:01","date_gmt":"2025-09-19T14:23:01","guid":{"rendered":"https:\/\/corrientesdetarde.com\/?p=227713"},"modified":"2025-09-19T11:23:33","modified_gmt":"2025-09-19T14:23:33","slug":"braillard-poccard-entrego-reconocimiento-al-campeon-del-mundial-de-taekwondo-itf-barcelona-2025","status":"publish","type":"post","link":"https:\/\/corrientesdetarde.com\/index.php\/eventossociedad\/braillard-poccard-entrego-reconocimiento-al-campeon-del-mundial-de-taekwondo-itf-barcelona-2025\/","title":{"rendered":"Braillard Poccard entreg\u00f3 reconocimiento al campe\u00f3n del Mundial de Taekwondo ITF Barcelona 2025"},"content":{"rendered":"\n<p>En el Sal\u00f3n de Acuerdos de la Legislatura provincial, el Vicegobernador de Corrientes, Pedro Braillard Poccard, entreg\u00f3 un reconocimiento al campe\u00f3n del Mundial de Taekwondo ITF Barcelona 2025, Benjam\u00edn Romero Fern\u00e1ndez, y a su instructor, Lautaro Romero del Castillo.<\/p>\n\n\n\n<p>Braillard Poccard felicit\u00f3 a ambos deportistas destacando el sacrificio y compromiso en la disciplina a la vez que dijo que es &#8220;un orgullo para Corrientes&#8221;.<\/p>\n\n\n\n<p>En una charla amena, Benjam\u00edn relat\u00f3 sobre su exigente preparaci\u00f3n para competir y resalt\u00f3 la gran oportunidad de formar parte del equipo de su instructor, Lautaro Romero del Castillo.&nbsp;<\/p>\n\n\n\n<p>Benjam\u00edn Romero Fern\u00e1ndez, a sus 17 a\u00f1os logr\u00f3 destacarse a nivel internacional y se consagr\u00f3 campe\u00f3n del Mundial de Taekwondo ITF Barcelona 2025, en Espa\u00f1a.<\/p>\n\n\n\n<p>En la competencia, Benjam\u00edn se destac\u00f3 en la categor\u00eda Dan hasta 65 kg., obteniendo m\u00faltiples logros: se consagr\u00f3 campe\u00f3n mundial en lucha individual, campe\u00f3n mundial en lucha por equipos, y subcampe\u00f3n en las disciplinas de Formas, rotura de poder y habilidad t\u00e9cnica. En total, Benjam\u00edn regres\u00f3 a Corrientes con cinco medallas que fueron un motivo de orgullo para su ciudad y su pa\u00eds.<\/p>\n\n\n\n<p>El Mundial, que se celebr\u00f3 en julio de 2025, consolid\u00f3 a Benjam\u00edn como una de las figuras m\u00e1s prominentes del Taekwondo ITF a nivel mundial, al lograr el oro en lucha individual y en lucha por equipos, as\u00ed como la plata en las otras disciplinas mencionadas.<\/p>\n\n\n\n<p>Por su parte, Lautaro Romero del Castillo, instructor de Benjam\u00edn y tambi\u00e9n destacado competidor de la disciplina, recibi\u00f3 un reconocimiento especial por su dedicaci\u00f3n al Taekwondo.<\/p>\n\n\n\n<p>A sus 28 a\u00f1os, Lautaro cuenta con una vasta trayectoria, destac\u00e1ndose tanto en competencias internacionales como en su labor como entrenador. Durante m\u00e1s de 20 a\u00f1os de dedicaci\u00f3n al Taekwondo, ha sido reconocido con diversas distinciones, entre ellas, un reconocimiento por parte de la Municipalidad de Corrientes, que lo galardon\u00f3 con el M\u00e9rito al Ciudadano y el t\u00edtulo de Joven Ejemplar por su contribuci\u00f3n al deporte.<\/p>\n\n\n\n<p>Lautaro tambi\u00e9n tiene en su haber una serie de logros personales sobresalientes, como la medalla de oro obtenida en los Primeros Juegos Mundiales de Taekwondo ITF, celebrados en Se\u00fal, Corea, en 2023, donde tambi\u00e9n se consagr\u00f3 campe\u00f3n mundial en lucha y form\u00f3 parte del equipo argentino que gan\u00f3 el oro en la categor\u00eda Formas por equipos. Adem\u00e1s, en el mismo evento, logr\u00f3 el subcampeonato en la disciplina de Formas individual. Su carrera tambi\u00e9n incluye el t\u00edtulo de Campe\u00f3n Mundial Juvenil en 2012 en Ottawa, Canad\u00e1.<\/p>\n\n\n\n<p>Este evento de reconocimiento no solo celebra los logros de estos dos destacados referentes del Taekwondo de la provincia, sino que tambi\u00e9n pondr\u00e1 en valor su esfuerzo y dedicaci\u00f3n, que han dejado una huella imborrable en el deporte local e internacional.<\/p>\n\n\n\n<figure class=\"wp-block-image size-large\"><img loading=\"lazy\" decoding=\"async\" width=\"1024\" height=\"682\" src=\"https:\/\/corrientesdetarde.com\/wp-content\/uploads\/2025\/09\/image-1024x682.jpeg\" alt=\"\" class=\"wp-image-227714\" srcset=\"https:\/\/corrientesdetarde.com\/wp-content\/uploads\/2025\/09\/image-1024x682.jpeg 1024w, https:\/\/corrientesdetarde.com\/wp-content\/uploads\/2025\/09\/image-300x200.jpeg 300w, https:\/\/corrientesdetarde.com\/wp-content\/uploads\/2025\/09\/image-768x512.jpeg 768w, https:\/\/corrientesdetarde.com\/wp-content\/uploads\/2025\/09\/image.jpeg 1280w\" sizes=\"auto, (max-width: 1024px) 100vw, 1024px\" \/><\/figure>\n","protected":false},"excerpt":{"rendered":"<p>En el Sal\u00f3n de Acuerdos de la Legislatura provincial, el Vicegobernador de Corrientes, Pedro Braillard Poccard, entreg\u00f3 un reconocimiento al campe\u00f3n del Mundial de Taekwondo ITF Barcelona 2025, Benjam\u00edn Romero&hellip; <\/p>\n","protected":false},"author":3,"featured_media":227715,"comment_status":"closed","ping_status":"open","sticky":false,"template":"","format":"standard","meta":{"footnotes":""},"categories":[1208],"tags":[],"class_list":["post-227713","post","type-post","status-publish","format-standard","has-post-thumbnail","hentry","category-eventossociedad"],"_links":{"self":[{"href":"https:\/\/corrientesdetarde.com\/index.php\/wp-json\/wp\/v2\/posts\/227713","targetHints":{"allow":["GET"]}}],"collection":[{"href":"https:\/\/corrientesdetarde.com\/index.php\/wp-json\/wp\/v2\/posts"}],"about":[{"href":"https:\/\/corrientesdetarde.com\/index.php\/wp-json\/wp\/v2\/types\/post"}],"author":[{"embeddable":true,"href":"https:\/\/corrientesdetarde.com\/index.php\/wp-json\/wp\/v2\/users\/3"}],"replies":[{"embeddable":true,"href":"https:\/\/corrientesdetarde.com\/index.php\/wp-json\/wp\/v2\/comments?post=227713"}],"version-history":[{"count":1,"href":"https:\/\/corrientesdetarde.com\/index.php\/wp-json\/wp\/v2\/posts\/227713\/revisions"}],"predecessor-version":[{"id":227716,"href":"https:\/\/corrientesdetarde.com\/index.php\/wp-json\/wp\/v2\/posts\/227713\/revisions\/227716"}],"wp:featuredmedia":[{"embeddable":true,"href":"https:\/\/corrientesdetarde.com\/index.php\/wp-json\/wp\/v2\/media\/227715"}],"wp:attachment":[{"href":"https:\/\/corrientesdetarde.com\/index.php\/wp-json\/wp\/v2\/media?parent=227713"}],"wp:term":[{"taxonomy":"category","embeddable":true,"href":"https:\/\/corrientesdetarde.com\/index.php\/wp-json\/wp\/v2\/categories?post=227713"},{"taxonomy":"post_tag","embeddable":true,"href":"https:\/\/corrientesdetarde.com\/index.php\/wp-json\/wp\/v2\/tags?post=227713"}],"curies":[{"name":"wp","href":"https:\/\/api.w.org\/{rel}","templated":true}]}}