{"id":227717,"date":"2025-09-19T12:50:42","date_gmt":"2025-09-19T15:50:42","guid":{"rendered":"https:\/\/corrientesdetarde.com\/?p=227717"},"modified":"2025-09-19T12:50:54","modified_gmt":"2025-09-19T15:50:54","slug":"participaran-mas-de-mil-corredores-anunciaron-la-4a-edicion-de-la-ita-trail-run-la-ultramaraton-mas-desafiante-del-nea","status":"publish","type":"post","link":"https:\/\/corrientesdetarde.com\/index.php\/deportes\/participaran-mas-de-mil-corredores-anunciaron-la-4a-edicion-de-la-ita-trail-run-la-ultramaraton-mas-desafiante-del-nea\/","title":{"rendered":"PARTICIPAR\u00c1N M\u00c1S DE MIL CORREDORES: Anunciaron la 4\u00aa edici\u00f3n de la Ita Trail Run, la ultramarat\u00f3n m\u00e1s desafiante del NEA"},"content":{"rendered":"\n<p>El Sal\u00f3n Verde de Casa de Gobierno ofreci\u00f3 el marco propicio para la presentaci\u00f3n en sociedad de la 4\u00aa edici\u00f3n de la Ita Trail Run, la ultramarat\u00f3n por excelencia del NEA, que se llevar\u00e1 a cabo en la localidad de It\u00e1 Ibat\u00e9 del 26 al 28 de septiembre, con cupo completo de m\u00e1s de mil corredores de Corrientes, otras provincias y pa\u00edses vecinos como ser Paraguay, Uruguay y Brasil.<br>Este evento se consolida en el calendario deportivo argentino, generando un importante impacto econ\u00f3mico y tur\u00edstico en la regi\u00f3n. En esta edici\u00f3n, la competencia ofrecer\u00e1 nuevos desaf\u00edos con distancias de 50km, 35km y 21km, 14km, 7km y Kids, con circuitos t\u00e9cnicos y paisajes naturales que pondr\u00e1n a prueba a los corredores m\u00e1s exigentes. As\u00ed, It\u00e1 Ibat\u00e9 ofrece el ambiente perfecto: barrancas rocosas junto al Paran\u00e1, monte nativo y senderos \u00fanicos.<br>Presidi\u00f3 el lanzamiento el vicegobernador, Pedro Braillard Poccard, el intendente de It\u00e1 Ibat\u00e9, Secundino Portela, la secretaria de Turismo de dicha localidad, Viviana Maciel; de parte de la organizaci\u00f3n, Federico Canteros y Mart\u00edn Descalzo, referentes del FC Running Team y del Tarag\u00fci Trail Series.<\/p>\n\n\n\n<p><br>El vicegobernador, Pedro Braillard Poccard, es un asiduo participante al Trail y en esta oportunidad se dar\u00e1 cita por tercer a\u00f1o consecutivo en la distancia de 14 kil\u00f3metros.<br>Braillard Poccard destac\u00f3 que este evento destac\u00f3: \u201cUna de las l\u00edneas de trabajo del gobierno es el deporte y aqu\u00ed se combina con naturaleza y turismo. Ita Ibate se est\u00e1 convirtiendo en uno de los exponentes tur\u00edsticos m\u00e1s importantes de la provincia y no tiene l\u00edmite.\u201d<br>Tras felicitar a los organizadores por posicionar a nivel nacional e internacional a la Ita Trail Run, el vicegobernador puso de manifiesto que este tipo de iniciativas contribuyen a diversificar la oferta tur\u00edstica, extendiendo la temporada alta y consolidando el crecimiento econ\u00f3mico sostenible de la zona.<br>A su turno, el intendente Secundino Portela, agradeci\u00f3 el apoyo del gobierno provincial y resalt\u00f3 la valiosa labor de la organizaci\u00f3n del evento, entendiendo que el mismo genera un movimiento econ\u00f3mico significativo en el municipio, revitalizando sectores como la hoteler\u00eda, la gastronom\u00eda y el comercio local.<br>\u201cLa afluencia de corredores y acompa\u00f1antes impulsa la demanda de servicios, generando ingresos para los emprendedores y fomentando la creaci\u00f3n de nuevos empleos\u201d, puso de relieve Portela, que adem\u00e1s pidi\u00f3 seguir trabajando en conjunci\u00f3n con otras comunas para seguir fortaleciendo este evento.<\/p>\n\n\n\n<figure class=\"wp-block-image size-full\"><img loading=\"lazy\" decoding=\"async\" width=\"831\" height=\"545\" src=\"https:\/\/corrientesdetarde.com\/wp-content\/uploads\/2025\/09\/image-629.png\" alt=\"\" class=\"wp-image-227723\" srcset=\"https:\/\/corrientesdetarde.com\/wp-content\/uploads\/2025\/09\/image-629.png 831w, https:\/\/corrientesdetarde.com\/wp-content\/uploads\/2025\/09\/image-629-300x197.png 300w, https:\/\/corrientesdetarde.com\/wp-content\/uploads\/2025\/09\/image-629-768x504.png 768w\" sizes=\"auto, (max-width: 831px) 100vw, 831px\" \/><\/figure>\n\n\n\n<figure class=\"wp-block-embed is-type-video is-provider-youtube wp-block-embed-youtube wp-embed-aspect-16-9 wp-has-aspect-ratio\"><div class=\"wp-block-embed__wrapper\">\n<iframe loading=\"lazy\" title=\"Lanzamiento del Ita Trail Run\" width=\"1110\" height=\"624\" src=\"https:\/\/www.youtube.com\/embed\/0ByL7mO1TwI?feature=oembed\" frameborder=\"0\" allow=\"accelerometer; autoplay; clipboard-write; encrypted-media; gyroscope; picture-in-picture; web-share\" referrerpolicy=\"strict-origin-when-cross-origin\" allowfullscreen><\/iframe>\n<\/div><\/figure>\n\n\n\n<p>En detalle<\/p>\n\n\n\n<p>La ultramarat\u00f3n de 50 km es una prueba \u00fanica en Corrientes, con senderos t\u00e9cnicos, pasos de agua, barrancas y vistas al R\u00edo Paran\u00e1, mientras que para otros corredores, existe el abanico de distancias que van de los 35 a 7 km, con opciones para todos los niveles.<br>La prueba de 50 km. otorga puntos para el Circuito Sudamericano de Trail y est\u00e1 incluida en el UTMB Index, con pase directo al Sierre-Zinal (Suiza) para el ganador y la ganadora de la clasificaci\u00f3n general.<br>La organizaci\u00f3n otorgar\u00e1 trofeos a ganadores generales y por categor\u00eda y medallas \u201cfinisher\u201d para todos.<br>Asimismo, se entregar\u00e1 a los participantes kit oficial con remera, chip y dorsal, adem\u00e1s habr\u00e1 cobertura m\u00e9dica, hidrataci\u00f3n y fotos.<br>Por su parte, el profesor Federico Canteros, uno de los responsables de la organizaci\u00f3n, destac\u00f3 que el evento \u201cno solamente forma parte del calendario provincial y nacional, sino que tambi\u00e9n, desde esta edici\u00f3n, se suma al calendario internacional, dentro del circuito sudamericano de Trail\u201d.<br>La competencia se desarrollar\u00e1 durante tres jornadas. El viernes 26 se abrir\u00e1 con una expo-run en la plaza San Mart\u00edn, epicentro del evento. El s\u00e1bado 27 se correr\u00e1n las pruebas de 35 y 50 kil\u00f3metros, mientras que el domingo 28 ser\u00e1 el turno de las distancias m\u00e1s cortas: 7, 14 y 21 kil\u00f3metros.<br>En esta edici\u00f3n ya se alcanz\u00f3 el cupo de mil corredores inscriptos, completado por cuarto a\u00f1o consecutivo. Sin embargo, la organizaci\u00f3n anunci\u00f3 que habilitar\u00e1 un remanente de inscripciones en el lugar del evento para quienes deseen participar en cualquier categor\u00eda.<br>El circuito principal incluye sectores de It\u00e1 Ibat\u00e9 y se extiende hasta la vecina localidad de Ber\u00f3n de Astrada, atravesando campos y senderos naturales.<br>\u201cIta Trail es hoy la carrera que m\u00e1s convoca en la provincia y, a nivel nacional, una de las m\u00e1s importantes\u201d, subray\u00f3 Canteros. Adem\u00e1s, explic\u00f3 que el evento forma parte del programa nacional U20, un campeonato federal que recorre distintas provincias argentinas y que este a\u00f1o incorpora tambi\u00e9n a Brasil.<br>De esta manera, la competencia correntina se afianza como un referente regional del trail running, sumando corredores de Argentina, Uruguay, Paraguay y Brasil.<\/p>\n","protected":false},"excerpt":{"rendered":"<p>El Sal\u00f3n Verde de Casa de Gobierno ofreci\u00f3 el marco propicio para la presentaci\u00f3n en sociedad de la 4\u00aa edici\u00f3n de la Ita Trail Run, la ultramarat\u00f3n por excelencia del&hellip; <\/p>\n","protected":false},"author":1,"featured_media":227722,"comment_status":"closed","ping_status":"open","sticky":false,"template":"","format":"standard","meta":{"footnotes":""},"categories":[4],"tags":[],"class_list":["post-227717","post","type-post","status-publish","format-standard","has-post-thumbnail","hentry","category-deportes"],"_links":{"self":[{"href":"https:\/\/corrientesdetarde.com\/index.php\/wp-json\/wp\/v2\/posts\/227717","targetHints":{"allow":["GET"]}}],"collection":[{"href":"https:\/\/corrientesdetarde.com\/index.php\/wp-json\/wp\/v2\/posts"}],"about":[{"href":"https:\/\/corrientesdetarde.com\/index.php\/wp-json\/wp\/v2\/types\/post"}],"author":[{"embeddable":true,"href":"https:\/\/corrientesdetarde.com\/index.php\/wp-json\/wp\/v2\/users\/1"}],"replies":[{"embeddable":true,"href":"https:\/\/corrientesdetarde.com\/index.php\/wp-json\/wp\/v2\/comments?post=227717"}],"version-history":[{"count":1,"href":"https:\/\/corrientesdetarde.com\/index.php\/wp-json\/wp\/v2\/posts\/227717\/revisions"}],"predecessor-version":[{"id":227726,"href":"https:\/\/corrientesdetarde.com\/index.php\/wp-json\/wp\/v2\/posts\/227717\/revisions\/227726"}],"wp:featuredmedia":[{"embeddable":true,"href":"https:\/\/corrientesdetarde.com\/index.php\/wp-json\/wp\/v2\/media\/227722"}],"wp:attachment":[{"href":"https:\/\/corrientesdetarde.com\/index.php\/wp-json\/wp\/v2\/media?parent=227717"}],"wp:term":[{"taxonomy":"category","embeddable":true,"href":"https:\/\/corrientesdetarde.com\/index.php\/wp-json\/wp\/v2\/categories?post=227717"},{"taxonomy":"post_tag","embeddable":true,"href":"https:\/\/corrientesdetarde.com\/index.php\/wp-json\/wp\/v2\/tags?post=227717"}],"curies":[{"name":"wp","href":"https:\/\/api.w.org\/{rel}","templated":true}]}}