{"id":227718,"date":"2025-09-19T12:48:49","date_gmt":"2025-09-19T15:48:49","guid":{"rendered":"https:\/\/corrientesdetarde.com\/?p=227718"},"modified":"2025-09-19T12:48:52","modified_gmt":"2025-09-19T15:48:52","slug":"el-vicegobernador-firmo-convenios-para-beneficiar-al-personal-legislativo-y-promover-el-desarrollo-local","status":"publish","type":"post","link":"https:\/\/corrientesdetarde.com\/index.php\/eventos\/el-vicegobernador-firmo-convenios-para-beneficiar-al-personal-legislativo-y-promover-el-desarrollo-local\/","title":{"rendered":"El Vicegobernador firm\u00f3 convenios para beneficiar al personal legislativo y promover el desarrollo local"},"content":{"rendered":"\n<p>El vicegobernador de la provincia, Pedro Braillard Poccard, firm\u00f3 este viernes dos convenios destinados a mejorar el bienestar del personal legislativo y, al mismo tiempo, fomentar el crecimiento de peque\u00f1as y medianas empresas locales. La iniciativa contempla beneficios tanto para los trabajadores de la C\u00e1mara de Senadores como para sus familiares.<\/p>\n\n\n\n<p><br>El primero de los acuerdos fue suscripto con la empresa Uniongood, representada por Amelia Noem\u00ed de los Santos, quien manifest\u00f3 su satisfacci\u00f3n por la firma del convenio: \u201cEste acuerdo significa mucho para nuestra marca, que desde hace tiempo tiene presencia en Corrientes. Ofrecemos ropa de calidad a precios accesibles\u201d, se\u00f1al\u00f3.<br>Durante el acto, el vicegobernador destac\u00f3 el esfuerzo emprendedor de la representante de la firma: \u201cTe felicito porque s\u00e9 del gran sacrificio que realizaste para obtener la franquicia de Uniongood. Te deseo muchos \u00e9xitos\u201d, expres\u00f3 Braillard Poccard.<br>A partir de la firma, el personal de la C\u00e1mara de Senadores acceder\u00e1 a los siguientes beneficios:<br>15% de descuento por pagos en efectivo.<\/p>\n\n\n\n<figure class=\"wp-block-image size-full\"><img loading=\"lazy\" decoding=\"async\" width=\"960\" height=\"624\" src=\"https:\/\/corrientesdetarde.com\/wp-content\/uploads\/2025\/09\/image-627.png\" alt=\"\" class=\"wp-image-227720\" srcset=\"https:\/\/corrientesdetarde.com\/wp-content\/uploads\/2025\/09\/image-627.png 960w, https:\/\/corrientesdetarde.com\/wp-content\/uploads\/2025\/09\/image-627-300x195.png 300w, https:\/\/corrientesdetarde.com\/wp-content\/uploads\/2025\/09\/image-627-768x499.png 768w\" sizes=\"auto, (max-width: 960px) 100vw, 960px\" \/><\/figure>\n\n\n\n<p><br>10% de descuento abonando mediante tarjetas de d\u00e9bito, cr\u00e9dito o transferencias.<br>Posteriormente, se concret\u00f3 un segundo convenio con el gimnasio City Fitness, ubicado en Jun\u00edn 773, representado por Noelia Irup\u00e9 Moreira. Este acuerdo tambi\u00e9n busca fomentar h\u00e1bitos saludables entre el personal legislativo, ofreciendo un 20% de descuento exclusivo para empleados de la C\u00e1mara de Senadores. Dicho beneficio ser\u00e1 v\u00e1lido \u00fanicamente para pagos en efectivo y no ser\u00e1 acumulable con otras promociones.<br>Adem\u00e1s, City Fitness se comprometi\u00f3 a colocar carteler\u00eda informativa en un lugar visible de sus instalaciones y a facilitar la difusi\u00f3n interna del acuerdo.<br>Durante la reuni\u00f3n, tambi\u00e9n se abord\u00f3 la posibilidad de organizar una marat\u00f3n en conjunto. En ese marco, el vicegobernador sostuvo que \u201cdifundir la actividad deportiva es fundamental para la salud\u201d.<\/p>\n","protected":false},"excerpt":{"rendered":"<p>El vicegobernador de la provincia, Pedro Braillard Poccard, firm\u00f3 este viernes dos convenios destinados a mejorar el bienestar del personal legislativo y, al mismo tiempo, fomentar el crecimiento de peque\u00f1as&hellip; <\/p>\n","protected":false},"author":1,"featured_media":227719,"comment_status":"closed","ping_status":"open","sticky":false,"template":"","format":"standard","meta":{"footnotes":""},"categories":[22],"tags":[],"class_list":["post-227718","post","type-post","status-publish","format-standard","has-post-thumbnail","hentry","category-eventos"],"_links":{"self":[{"href":"https:\/\/corrientesdetarde.com\/index.php\/wp-json\/wp\/v2\/posts\/227718","targetHints":{"allow":["GET"]}}],"collection":[{"href":"https:\/\/corrientesdetarde.com\/index.php\/wp-json\/wp\/v2\/posts"}],"about":[{"href":"https:\/\/corrientesdetarde.com\/index.php\/wp-json\/wp\/v2\/types\/post"}],"author":[{"embeddable":true,"href":"https:\/\/corrientesdetarde.com\/index.php\/wp-json\/wp\/v2\/users\/1"}],"replies":[{"embeddable":true,"href":"https:\/\/corrientesdetarde.com\/index.php\/wp-json\/wp\/v2\/comments?post=227718"}],"version-history":[{"count":1,"href":"https:\/\/corrientesdetarde.com\/index.php\/wp-json\/wp\/v2\/posts\/227718\/revisions"}],"predecessor-version":[{"id":227721,"href":"https:\/\/corrientesdetarde.com\/index.php\/wp-json\/wp\/v2\/posts\/227718\/revisions\/227721"}],"wp:featuredmedia":[{"embeddable":true,"href":"https:\/\/corrientesdetarde.com\/index.php\/wp-json\/wp\/v2\/media\/227719"}],"wp:attachment":[{"href":"https:\/\/corrientesdetarde.com\/index.php\/wp-json\/wp\/v2\/media?parent=227718"}],"wp:term":[{"taxonomy":"category","embeddable":true,"href":"https:\/\/corrientesdetarde.com\/index.php\/wp-json\/wp\/v2\/categories?post=227718"},{"taxonomy":"post_tag","embeddable":true,"href":"https:\/\/corrientesdetarde.com\/index.php\/wp-json\/wp\/v2\/tags?post=227718"}],"curies":[{"name":"wp","href":"https:\/\/api.w.org\/{rel}","templated":true}]}}